{"id":461332,"date":"2025-10-14T02:43:13","date_gmt":"2025-10-14T02:43:13","guid":{"rendered":"https:\/\/www.europesays.com\/fr\/461332\/"},"modified":"2025-10-14T02:43:13","modified_gmt":"2025-10-14T02:43:13","slug":"strasbourg-un-demi-siecle-dhistoire-et-de-rencontres-maxi-flash-haguenau","status":"publish","type":"post","link":"https:\/\/www.europesays.com\/fr\/461332\/","title":{"rendered":"Strasbourg. Un demi-si\u00e8cle d\u2019histoire et de rencontres \u2013 Maxi Flash &#8211; Haguenau"},"content":{"rendered":"<p>Inaugur\u00e9 par Pierre Pflimlin en 1975, le PMC a tr\u00e8s vite trouv\u00e9 son r\u00f4le de chef d\u2019orchestre : accueillir les accords les plus sublimes comme les d\u00e9bats les plus pointus.<\/p>\n<p>La r\u00e9novation et l\u2019extension de 2015 ont apport\u00e9 une nouvelle tonalit\u00e9 : acoustique repens\u00e9e, espaces modulables, modernisation technique et environnementale\u2026 Une transformation qui a permis \u00e0 Strasbourg de se hisser dans le peloton de t\u00eate des villes de congr\u00e8s fran\u00e7aises et de d\u00e9crocher, deux ann\u00e9es de suite, le titre de meilleur centre de congr\u00e8s du pays.<\/p>\n<p><strong>Lieu de convergences<\/strong><\/p>\n<p>Plus qu\u2019un b\u00e2timent, le PMC est une caisse de r\u00e9sonance o\u00f9 se m\u00ealent savoirs et \u00e9motions. On y croise chercheurs venus faire avancer la m\u00e9decine ou la philosophie, m\u00e9lomanes s\u2019\u00e9merveillant d\u2019un concerto, familles d\u00e9couvrant une expo\u2026 \u00ab Avec 192 millions d\u2019euros de retomb\u00e9es en 2024, le PMC fait vibrer bien au-del\u00e0 de ses murs, jusqu\u2019aux h\u00f4tels et restaurants. C\u2019est un tr\u00e8s bel instrument du tourisme d\u2019affaires \u00bb, souligne Annkathrin Catherine, directrice de la communication Strasbourg Events, gestionnaire et exploitant du PMC et du PEX.<\/p>\n<p><img fetchpriority=\"high\" decoding=\"async\" class=\"size-medium wp-image-55201\" src=\"https:\/\/www.europesays.com\/fr\/wp-content\/uploads\/2025\/10\/447-PMC-7-300x200.jpg\" alt=\"\" width=\"300\" height=\"200\"  \/>Parmi les trois auditoriums, la salle Schweitzer et ses 1200 places. \/ \u00a9 S\u00e9bastien Brillais<br \/>\n<strong>M\u00e9lodie collective<\/strong><\/p>\n<p>Pour ce jubil\u00e9, la partition sera joyeuse et participative : visites guid\u00e9es, ateliers de percussion corporelle par l\u2019OPS, animations musicales des \u00e9tudiants de la HEAR, exposition d\u2019archives et conf\u00e9rence d\u2019architecture par les Cabinets Rey de Cr\u00e9cy et Dietrich Untertrifaller\u2026<\/p>\n<p>Le concert donn\u00e9 par l\u2019Orchestre Philharmonique de Strasbourg \u00e0 17h dans la salle \u00c9rasme, c\u0153ur battant du Palais, sera le point d\u2019orgue de ce moment festif, pour rappeler que, depuis cinquante ans, le Palais de la Musique et des Congr\u00e8s est bien plus qu\u2019un \u00e9difice : une sc\u00e8ne ouverte o\u00f9 Strasbourg, ville humaniste et europ\u00e9enne, fait vibrer toutes ses cordes sensibles.<\/p>\n","protected":false},"excerpt":{"rendered":"Inaugur\u00e9 par Pierre Pflimlin en 1975, le PMC a tr\u00e8s vite trouv\u00e9 son r\u00f4le de chef d\u2019orchestre :&hellip;\n","protected":false},"author":2,"featured_media":461333,"comment_status":"","ping_status":"","sticky":false,"template":"","format":"standard","meta":{"footnotes":""},"categories":[2820],"tags":[1111,11,1777,674,1011,27,775,12,25,640],"class_list":{"0":"post-461332","1":"post","2":"type-post","3":"status-publish","4":"format-standard","5":"has-post-thumbnail","7":"category-strasbourg","8":"tag-actu","9":"tag-actualites","10":"tag-eu","11":"tag-europe","12":"tag-fr","13":"tag-france","14":"tag-grand-est","15":"tag-news","16":"tag-republique-francaise","17":"tag-strasbourg"},"share_on_mastodon":{"url":"https:\/\/pubeurope.com\/@fr\/115370223910471154","error":""},"_links":{"self":[{"href":"https:\/\/www.europesays.com\/fr\/wp-json\/wp\/v2\/posts\/461332","targetHints":{"allow":["GET"]}}],"collection":[{"href":"https:\/\/www.europesays.com\/fr\/wp-json\/wp\/v2\/posts"}],"about":[{"href":"https:\/\/www.europesays.com\/fr\/wp-json\/wp\/v2\/types\/post"}],"author":[{"embeddable":true,"href":"https:\/\/www.europesays.com\/fr\/wp-json\/wp\/v2\/users\/2"}],"replies":[{"embeddable":true,"href":"https:\/\/www.europesays.com\/fr\/wp-json\/wp\/v2\/comments?post=461332"}],"version-history":[{"count":0,"href":"https:\/\/www.europesays.com\/fr\/wp-json\/wp\/v2\/posts\/461332\/revisions"}],"wp:featuredmedia":[{"embeddable":true,"href":"https:\/\/www.europesays.com\/fr\/wp-json\/wp\/v2\/media\/461333"}],"wp:attachment":[{"href":"https:\/\/www.europesays.com\/fr\/wp-json\/wp\/v2\/media?parent=461332"}],"wp:term":[{"taxonomy":"category","embeddable":true,"href":"https:\/\/www.europesays.com\/fr\/wp-json\/wp\/v2\/categories?post=461332"},{"taxonomy":"post_tag","embeddable":true,"href":"https:\/\/www.europesays.com\/fr\/wp-json\/wp\/v2\/tags?post=461332"}],"curies":[{"name":"wp","href":"https:\/\/api.w.org\/{rel}","templated":true}]}}