{"id":461334,"date":"2025-10-14T02:44:14","date_gmt":"2025-10-14T02:44:14","guid":{"rendered":"https:\/\/www.europesays.com\/fr\/461334\/"},"modified":"2025-10-14T02:44:14","modified_gmt":"2025-10-14T02:44:14","slug":"le-tribunal-penal-canonique-natioanal-reagit-aux-affaires-du-diocese-de-strasbourg","status":"publish","type":"post","link":"https:\/\/www.europesays.com\/fr\/461334\/","title":{"rendered":"Le tribunal p\u00e9nal canonique natioanal r\u00e9agit aux affaires du Dioc\u00e8se de Strasbourg"},"content":{"rendered":"<p>Serait-il possible que le chanoine n\u2019ait pas \u00e9t\u00e9 mis au courant du lancement d&rsquo;une proc\u00e9dure \u00e0 son encontre ? Apr\u00e8s avoir re\u00e7u un signalement, <a href=\"https:\/\/www.tpcn.fr\/\" rel=\"nofollow noopener\" target=\"_blank\">le Tribunal p\u00e9nal canonique national<\/a> les fait suivre \u00e0 qui de droit. \u201cQuand il s&rsquo;agit d\u2019un religieux qui appartient \u00e0 une congr\u00e9gation de droit pontifical, on s\u2019adresse au sup\u00e9rieur majeur. Quand c\u2019est un pr\u00eatre dioc\u00e9sain, on s\u2019adresse \u00e0 son \u00e9v\u00eaque. Quand ce sont des personnes qui rel\u00e8vent de la juridiction du pontife romain, on envoie les choses au dicast\u00e8re\u201d, d\u00e9taille le P\u00e8re Bruno Gon\u00e7alves, promoteur de justice pour le TPCN.<\/p>\n<p>Les potentiels accus\u00e9s n\u2019en sont pas toujours inform\u00e9s. \u201c<strong>Si les faits concernent des actes qui sont de la comp\u00e9tence du Dicast\u00e8re de la foi &#8211; notamment les attentats contre les personnes mineures &#8211; la personne qui est soup\u00e7onn\u00e9e est inform\u00e9e de la proc\u00e9dure [d\u00e8s] l&rsquo;enqu\u00eate pr\u00e9liminaire<\/strong> qui suit le signalement\u201d, indique le p\u00e8re Gon\u00e7alves. Autrement, tant que l\u2019enqu\u00eate ne d\u00e9bouche pas sur un proc\u00e8s, la discr\u00e9tion est de mise. Le but \u00e9tant d\u2019\u00e9viter de faire peser le poids d\u2019une accusation, s\u2019il n\u2019y a \u201cpas mati\u00e8re pour qu&rsquo;elle le soit \u00e0 priori\u201d.<\/p>\n<p><strong>Un cas parmi tant d\u2019autres\u00a0<\/strong><\/p>\n<p><strong>Fruit d\u2019une d\u00e9cision de la Conf\u00e9rence des \u00e9v\u00eaques de France et des recommandations de la<\/strong><a href=\"https:\/\/www.bing.com\/ck\/a?!&amp;&amp;p=35b795414694bfc74028851e2c53584d5149010b784106faff835a554f18da7eJmltdHM9MTc2MDMxMzYwMA&amp;ptn=3&amp;ver=2&amp;hsh=4&amp;fclid=180f36fe-1731-60b3-2725-209616ff61de&amp;psq=Commission+ind%c3%a9pendante+sur+les+abus+sexuels+dans+l%27%c3%89glise+(CIASE)%2c&amp;u=a1aHR0cHM6Ly93d3cuY2lhc2UuZnIv\" rel=\"nofollow noopener\" target=\"_blank\"><strong> Commission ind\u00e9pendante sur les abus sexuels dans l&rsquo;\u00c9glise (CIASE),<\/strong><\/a> le tribunal, n\u00e9 en d\u00e9cembre 2022, avait consacr\u00e9 son premier communiqu\u00e9 \u00e0 l\u2019ordre des Missions \u00e9trang\u00e8res. Il rappelait alors se tenir \u201c\u00e0 disposition de toutes personnes d\u00e9sireuses d\u2019apporter leur t\u00e9moignage\u201d. Depuis, l&rsquo;affaire canonique mais aussi civile, se poursuit.<\/p>\n<p>L\u2019institution, log\u00e9e dans la maison des \u00e9v\u00eaques \u00e0 Paris, traite un nombre inconnu de dossiers. Le promoteur de justice estime que\u00a0<\/p>\n<blockquote>\n<p>sept \u00e0 treize signalements par mois demandent une intervention.<\/p>\n<\/blockquote>\n<p>Difficile cependant d\u2019arr\u00eater un chiffre : \u201cPar exemple, on peut avoir un signalement sur une personne mais il y a huit personnes qui disent avoir \u00e9t\u00e9 victimes de la m\u00eame personne. Alors est-ce que c\u2019est une enqu\u00eate ou huit? \u201d, interroge celui qui est aussi pr\u00eatre de la Congr\u00e9gation de l\u2019Oratoire de Nancy. \u00a0\u00a0<br \/>\u00a0<\/p>\n","protected":false},"excerpt":{"rendered":"Serait-il possible que le chanoine n\u2019ait pas \u00e9t\u00e9 mis au courant du lancement d&rsquo;une proc\u00e9dure \u00e0 son encontre&hellip;\n","protected":false},"author":2,"featured_media":461335,"comment_status":"","ping_status":"","sticky":false,"template":"","format":"standard","meta":{"footnotes":""},"categories":[2820],"tags":[1111,11,1777,674,1011,27,775,12,25,640],"class_list":{"0":"post-461334","1":"post","2":"type-post","3":"status-publish","4":"format-standard","5":"has-post-thumbnail","7":"category-strasbourg","8":"tag-actu","9":"tag-actualites","10":"tag-eu","11":"tag-europe","12":"tag-fr","13":"tag-france","14":"tag-grand-est","15":"tag-news","16":"tag-republique-francaise","17":"tag-strasbourg"},"share_on_mastodon":{"url":"https:\/\/pubeurope.com\/@fr\/115370227356850865","error":""},"_links":{"self":[{"href":"https:\/\/www.europesays.com\/fr\/wp-json\/wp\/v2\/posts\/461334","targetHints":{"allow":["GET"]}}],"collection":[{"href":"https:\/\/www.europesays.com\/fr\/wp-json\/wp\/v2\/posts"}],"about":[{"href":"https:\/\/www.europesays.com\/fr\/wp-json\/wp\/v2\/types\/post"}],"author":[{"embeddable":true,"href":"https:\/\/www.europesays.com\/fr\/wp-json\/wp\/v2\/users\/2"}],"replies":[{"embeddable":true,"href":"https:\/\/www.europesays.com\/fr\/wp-json\/wp\/v2\/comments?post=461334"}],"version-history":[{"count":0,"href":"https:\/\/www.europesays.com\/fr\/wp-json\/wp\/v2\/posts\/461334\/revisions"}],"wp:featuredmedia":[{"embeddable":true,"href":"https:\/\/www.europesays.com\/fr\/wp-json\/wp\/v2\/media\/461335"}],"wp:attachment":[{"href":"https:\/\/www.europesays.com\/fr\/wp-json\/wp\/v2\/media?parent=461334"}],"wp:term":[{"taxonomy":"category","embeddable":true,"href":"https:\/\/www.europesays.com\/fr\/wp-json\/wp\/v2\/categories?post=461334"},{"taxonomy":"post_tag","embeddable":true,"href":"https:\/\/www.europesays.com\/fr\/wp-json\/wp\/v2\/tags?post=461334"}],"curies":[{"name":"wp","href":"https:\/\/api.w.org\/{rel}","templated":true}]}}