{"id":461336,"date":"2025-10-14T02:45:11","date_gmt":"2025-10-14T02:45:11","guid":{"rendered":"https:\/\/www.europesays.com\/fr\/461336\/"},"modified":"2025-10-14T02:45:11","modified_gmt":"2025-10-14T02:45:11","slug":"une-nicoise-malvoyante-pensait-etre-recrutee-comme-prof-le-rectorat-evoque-une-confusion","status":"publish","type":"post","link":"https:\/\/www.europesays.com\/fr\/461336\/","title":{"rendered":"une Ni\u00e7oise malvoyante pensait \u00eatre recrut\u00e9e comme prof, le rectorat \u00e9voque une \u00ab confusion \u00bb"},"content":{"rendered":"<p class=\"fs-5 \">Quand elle a re\u00e7u le mail du rectorat quelques jours apr\u00e8s la rentr\u00e9e scolaire, le c\u0153ur de Laura Huret s\u2019est serr\u00e9. Elle l\u2019a lu et relu : \u00ab Vous n\u2019avez pas \u00e9t\u00e9 officiellement recrut\u00e9e en tant que professeur contractuel de lettres modernes (&#8230;). Le fait que vous soyez b\u00e9n\u00e9ficiaire d\u2019une reconnaissance de la qualit\u00e9 de travailleur handicap\u00e9 (RQTH) ne garantit pas un recrutement. Toutefois, votre candidature a \u00e9t\u00e9 \u00e9tudi\u00e9e avec bienveillance. \u00bb<\/p>\n<p class=\"fs-5 \">Docteure en lettres modernes, ancienne enseignante \u00e0 la fac de Nice, Laura avait r\u00e9pondu \u00e0 une annonce pour un poste de professeure contractuelle. Apr\u00e8s validation de son dossier, elle a \u00e9chang\u00e9 en visioconf\u00e9rence avec une inspectrice. \u00ab C\u2019\u00e9tait un v\u00e9ritable entretien d\u2019embauche, d\u2019une heure. On a \u00e9voqu\u00e9 les adaptations de poste ; je n\u2019ai besoin que d\u2019une salle orient\u00e9e au nord pour qu\u2019il y ait moins de soleil. Pour le reste, je m\u2019adapte \u00e0 tout \u00bb<\/p>\n<p class=\"fs-5 \">\u00c2g\u00e9e de 42 ans, la Ni\u00e7oise est atteinte d\u2019un k\u00e9ratoc\u00f4ne, maladie d\u00e9g\u00e9n\u00e9rative de la corn\u00e9e la rendant progressivement aveugle. Elle est photosensible, porte des lunettes noires et se d\u00e9place avec une canne blanche.<\/p>\n<p class=\"fs-5 \">Le 5 juin, elle re\u00e7oit un mail confirmant qu\u2019elle est retenue pour un poste de professeure contractuelle \u00e0 la rentr\u00e9e 2025. \u00ab On me demandait de fournir mes pi\u00e8ces pour finaliser le recrutement. J\u2019\u00e9tais persuad\u00e9e d\u2019\u00eatre embauch\u00e9e. \u00bb<\/p>\n<p class=\"fs-5 \">Mais depuis&#8230;aucun contrat, ni affectation. \u00ab Le rectorat affirme d\u00e9sormais que je ne faisais que partie d\u2019un \u201cvivier\u201d. Pire, certains ont mis en doute ma capacit\u00e9 \u00e0 enseigner \u00e0 cause de mon handicap. \u00bb<\/p>\n<p class=\"fs-5 \">Il y a quinze jours, on lui a propos\u00e9 un mi-temps \u00e0 Vence. \u00ab J\u2019ai accept\u00e9, mais c\u2019est irr\u00e9alisable : j\u2019habite Nice, je ne peux pas prendre les transports en commun et encore moins payer un taxi tous les jours pour aller travailler ! \u00bb Elle dit n\u2019avoir re\u00e7u \u00ab aucune proposition d\u2019am\u00e9nagement \u00bb, ce que d\u00e9ment le rectorat. \u00ab Aujourd\u2019hui, je suis sans emploi ni revenu. Dois-je changer de voie juste parce que je suis malvoyante ? \u00bb souffle-t-elle.<\/p>\n<p>                                                                                Rectorat : \u00ab La formulation initiale a pu pr\u00eater \u00e0 confusion \u00bb<\/p>\n<p class=\"fs-5 \">Sollicit\u00e9 par Nice-Matin, le rectorat d\u00e9ment toute discrimination : \u00ab Madame Huret a postul\u00e9 sur un poste g\u00e9n\u00e9rique de lettres modernes dans les Alpes-Maritimes. Le mail re\u00e7u en juin, g\u00e9n\u00e9r\u00e9 automatiquement par l\u2019outil minist\u00e9riel, signifiait seulement que sa candidature avait franchi une premi\u00e8re \u00e9tape. Il ne valait pas recrutement. La formulation, source de confusion, relevait d\u2019un param\u00e9trage national depuis corrig\u00e9. Madame Huret figure donc dans le vivier de candidats dont les comp\u00e9tences ont \u00e9t\u00e9 valid\u00e9es. Nous sommes pleinement conscients que la formulation initiale a pu pr\u00eater \u00e0 confusion. L\u2019inscription dans ce vivier ne garantit ni affectation imm\u00e9diate ni embauche, les postes \u00e9tant propos\u00e9s selon les besoins. \u00c0 ce jour, le seul besoin en lettres modernes se situe \u00e0 Vence, sur un poste partag\u00e9. Elle a \u00e9t\u00e9 contact\u00e9e par nos \u00e9quipes pour pr\u00e9ciser ses contraintes afin d\u2019envisager les am\u00e9nagements n\u00e9cessaires. Elle nous a fait part de son souhait : une affectation \u00e0 temps plein sur la zone de Nice centre. Sa candidature fait donc partie des candidatures valid\u00e9es qui figurent, comme d\u2019autres, dans notre vivier. \u00bb<\/p>\n","protected":false},"excerpt":{"rendered":"Quand elle a re\u00e7u le mail du rectorat quelques jours apr\u00e8s la rentr\u00e9e scolaire, le c\u0153ur de Laura&hellip;\n","protected":false},"author":2,"featured_media":461337,"comment_status":"","ping_status":"","sticky":false,"template":"","format":"standard","meta":{"footnotes":""},"categories":[2819],"tags":[1111,11,1777,674,1011,27,12,2401,882,25],"class_list":{"0":"post-461336","1":"post","2":"type-post","3":"status-publish","4":"format-standard","5":"has-post-thumbnail","7":"category-nice","8":"tag-actu","9":"tag-actualites","10":"tag-eu","11":"tag-europe","12":"tag-fr","13":"tag-france","14":"tag-news","15":"tag-nice","16":"tag-provence-alpes-cote-dazur","17":"tag-republique-francaise"},"share_on_mastodon":{"url":"https:\/\/pubeurope.com\/@fr\/115370231309869444","error":""},"_links":{"self":[{"href":"https:\/\/www.europesays.com\/fr\/wp-json\/wp\/v2\/posts\/461336","targetHints":{"allow":["GET"]}}],"collection":[{"href":"https:\/\/www.europesays.com\/fr\/wp-json\/wp\/v2\/posts"}],"about":[{"href":"https:\/\/www.europesays.com\/fr\/wp-json\/wp\/v2\/types\/post"}],"author":[{"embeddable":true,"href":"https:\/\/www.europesays.com\/fr\/wp-json\/wp\/v2\/users\/2"}],"replies":[{"embeddable":true,"href":"https:\/\/www.europesays.com\/fr\/wp-json\/wp\/v2\/comments?post=461336"}],"version-history":[{"count":0,"href":"https:\/\/www.europesays.com\/fr\/wp-json\/wp\/v2\/posts\/461336\/revisions"}],"wp:featuredmedia":[{"embeddable":true,"href":"https:\/\/www.europesays.com\/fr\/wp-json\/wp\/v2\/media\/461337"}],"wp:attachment":[{"href":"https:\/\/www.europesays.com\/fr\/wp-json\/wp\/v2\/media?parent=461336"}],"wp:term":[{"taxonomy":"category","embeddable":true,"href":"https:\/\/www.europesays.com\/fr\/wp-json\/wp\/v2\/categories?post=461336"},{"taxonomy":"post_tag","embeddable":true,"href":"https:\/\/www.europesays.com\/fr\/wp-json\/wp\/v2\/tags?post=461336"}],"curies":[{"name":"wp","href":"https:\/\/api.w.org\/{rel}","templated":true}]}}