{"id":461338,"date":"2025-10-14T02:46:12","date_gmt":"2025-10-14T02:46:12","guid":{"rendered":"https:\/\/www.europesays.com\/fr\/461338\/"},"modified":"2025-10-14T02:46:12","modified_gmt":"2025-10-14T02:46:12","slug":"une-tentative-dassassinat-dans-un-bar-des-moulins-devant-les-assises-de-nice-cette-semaine","status":"publish","type":"post","link":"https:\/\/www.europesays.com\/fr\/461338\/","title":{"rendered":"Une tentative d\u2019assassinat dans un bar des Moulins devant les assises de Nice cette semaine"},"content":{"rendered":"<p class=\"fs-5 \">Il est assis sur le banc des accus\u00e9s, impeccable et d\u2019un calme olympien, v\u00eatu d\u2019un polo bleu ciel et d\u2019un pantalon marine.<\/p>\n<p class=\"fs-5 \">Joao., qui compara\u00eet libre, est accus\u00e9 de tentative d\u2019assassinat sur la personne de Vitor, surnomm\u00e9 \u00ab Tambour \u00bb. Des faits qu\u2019il conteste mais pour lesquels il encourt jusqu\u2019\u00e0 la r\u00e9clusion \u00e0 perp\u00e9tuit\u00e9.<\/p>\n<p class=\"fs-5 \">Tout commence le 15 janvier 2020. A 20 h 24, un homme v\u00eatu d\u2019une doudoune sombre, d\u2019une cagoule ne laissant entrevoir que les yeux, d\u2019un bas de jogging sombre, de gants et d\u2019un sac \u00e0 dos p\u00e9n\u00e8tre dans le Dream Gourmet, un bar \u00e0 chicha situ\u00e9 boulevard Paul Montel, dans le quartier des Moulins \u00e0 Nice. Dans sa main droite, un pistolet automatique.<\/p>\n<p class=\"fs-5 \">Parmi les habitu\u00e9s qui discutent et jouent aux cartes, c\u2019est tout \u00e0 coup le silence. L\u2019individu semble chercher quelqu\u2019un. L\u2019ayant trouv\u00e9 en la personne de Vitor, il tire \u00e0 trois reprises. La victime s\u2019effondre. Le tireur tente de lui porter 4 nouveaux coups. Mais son arme ne fonctionne pas.<\/p>\n<p class=\"fs-5 \">Une minute et vingt-sept secondes apr\u00e8s \u00eatre entr\u00e9 dans le bar, il quitte les lieux en courant, selon les images des cam\u00e9ras de surveillance de la ville de Nice. La victime, quant \u00e0 elle, est relev\u00e9e puis conduite dans une clinique de Saint-Laurent-du-Var. Vitor s\u2019en tire avec 8 jours d\u2019ITT.<\/p>\n<p>                                                                                Renseignements anonymes et vengeance<\/p>\n<p class=\"fs-5 \">Interrog\u00e9e par les enqu\u00eateurs, la victime affirme ne pas comprendre pourquoi il a \u00e9t\u00e9 la cible du tireur, \u00ab n\u2019ayant de probl\u00e8me avec personne \u00bb.<\/p>\n<p class=\"fs-5 \">Alors que l\u2019enqu\u00eate semble au point mort, un renseignement anonyme rapporte que l\u2019auteur des coups de feu n\u2019est autre qu\u2019un certain \u00ab Berdiane \u00bb, que Vitor aurait gravement bless\u00e9 il y a plusieurs ann\u00e9es, dans le m\u00eame quartier des Moulins. \u00ab Tambour \u00bb aurait \u00e9galement tu\u00e9 en 2015, un ami de \u00ab Berdiane \u00bb surnomm\u00e9 \u00ab Guin\u00e9e \u00bb, toujours aux Moulins.<\/p>\n<p class=\"fs-5 \">Dix ans plus tard, voil\u00e0 l\u2019heure de la vengeance venue ? C\u2019est ce qu\u2019affirment plusieurs t\u00e9moins et la victime, qui est revenue, entre-temps, sur ses premi\u00e8res d\u00e9clarations.<\/p>\n<p class=\"fs-5 \">Apr\u00e8s quelques recherches, les enqu\u00eateurs \u00e9tablissent que \u00ab Berdiane \u00bb n\u2019est autre que Joao, alias Jos\u00e9, interpell\u00e9 en novembre 2018 dans le cadre d\u2019un mandat europ\u00e9en pour des faits de meurtre, d\u00e9livr\u00e9 par les autorit\u00e9s belges. Sept jours apr\u00e8s les tirs au Dream Gourmet, l\u2019homme est interpell\u00e9.<\/p>\n<p>                                                                                Doudoune, match \u00e0 l\u2019Ariane<\/p>\n<p class=\"fs-5 \">Pendant toute cette semaine, t\u00e9moins, experts et enqu\u00eateurs repasseront les faits \u00e0 la loupe. Devant la cour et les jur\u00e9s, les enqu\u00eateurs de police ont d\u00e9taill\u00e9 ce lundi leur travail, d\u00e9crivant la difficult\u00e9 \u00e0 obtenir des t\u00e9moignages, dans un milieu o\u00f9 l\u2019on pr\u00e9f\u00e8re se taire plut\u00f4t que de \u00ab passer pour une balance \u00bb.<\/p>\n<p class=\"fs-5 \">Une enqu\u00eate que la d\u00e9fense n\u2019a pas manqu\u00e9 de d\u00e9noncer, parfois de mani\u00e8re virulente. \u00ab Quand vous dites \u00ab c\u2019est \u00e9vident \u00bb, ne vous \u00e9loignez-vous pas de l\u2019impartialit\u00e9 ? \u00bb, a demand\u00e9 ma\u00eetre Yassine Maharsi au commandant de police responsable de l\u2019enqu\u00eate, regrettant, au passage, que dans ce dossier, de nombreux d\u00e9tails n\u2019aient pas \u00e9t\u00e9 creus\u00e9s. Comme le sac \u00e0 dos du tireur, jamais retrouv\u00e9, ou encore que tous les t\u00e9moins pr\u00e9sents dans le Dream Gourmet n\u2019aient pas \u00e9t\u00e9 sollicit\u00e9s. Une t\u00e2che qui aurait sembl\u00e9 bien difficile.<\/p>\n<p class=\"fs-5 \">Ce lundi, alors que la pr\u00e9sidente de la Cour expliquait le d\u00e9roul\u00e9 de la semaine et qu\u2019\u00e9taient \u00e9num\u00e9r\u00e9s les t\u00e9moins appel\u00e9s \u00e0 compara\u00eetre, il est apparu que beaucoup manquaient \u00e0 l\u2019appel voire restaient injoignables. Et la d\u00e9fense, laconique, de d\u00e9compter : \u00ab Huit t\u00e9moins absents sur quatorze \u00bb. Voil\u00e0, en effet, qui fait beaucoup.<\/p>\n","protected":false},"excerpt":{"rendered":"Il est assis sur le banc des accus\u00e9s, impeccable et d\u2019un calme olympien, v\u00eatu d\u2019un polo bleu ciel&hellip;\n","protected":false},"author":2,"featured_media":461339,"comment_status":"","ping_status":"","sticky":false,"template":"","format":"standard","meta":{"footnotes":""},"categories":[2819],"tags":[1111,11,1777,674,1011,27,12,2401,882,25],"class_list":{"0":"post-461338","1":"post","2":"type-post","3":"status-publish","4":"format-standard","5":"has-post-thumbnail","7":"category-nice","8":"tag-actu","9":"tag-actualites","10":"tag-eu","11":"tag-europe","12":"tag-fr","13":"tag-france","14":"tag-news","15":"tag-nice","16":"tag-provence-alpes-cote-dazur","17":"tag-republique-francaise"},"share_on_mastodon":{"url":"https:\/\/pubeurope.com\/@fr\/115370235263659685","error":""},"_links":{"self":[{"href":"https:\/\/www.europesays.com\/fr\/wp-json\/wp\/v2\/posts\/461338","targetHints":{"allow":["GET"]}}],"collection":[{"href":"https:\/\/www.europesays.com\/fr\/wp-json\/wp\/v2\/posts"}],"about":[{"href":"https:\/\/www.europesays.com\/fr\/wp-json\/wp\/v2\/types\/post"}],"author":[{"embeddable":true,"href":"https:\/\/www.europesays.com\/fr\/wp-json\/wp\/v2\/users\/2"}],"replies":[{"embeddable":true,"href":"https:\/\/www.europesays.com\/fr\/wp-json\/wp\/v2\/comments?post=461338"}],"version-history":[{"count":0,"href":"https:\/\/www.europesays.com\/fr\/wp-json\/wp\/v2\/posts\/461338\/revisions"}],"wp:featuredmedia":[{"embeddable":true,"href":"https:\/\/www.europesays.com\/fr\/wp-json\/wp\/v2\/media\/461339"}],"wp:attachment":[{"href":"https:\/\/www.europesays.com\/fr\/wp-json\/wp\/v2\/media?parent=461338"}],"wp:term":[{"taxonomy":"category","embeddable":true,"href":"https:\/\/www.europesays.com\/fr\/wp-json\/wp\/v2\/categories?post=461338"},{"taxonomy":"post_tag","embeddable":true,"href":"https:\/\/www.europesays.com\/fr\/wp-json\/wp\/v2\/tags?post=461338"}],"curies":[{"name":"wp","href":"https:\/\/api.w.org\/{rel}","templated":true}]}}