{"id":461340,"date":"2025-10-14T02:47:23","date_gmt":"2025-10-14T02:47:23","guid":{"rendered":"https:\/\/www.europesays.com\/fr\/461340\/"},"modified":"2025-10-14T02:47:23","modified_gmt":"2025-10-14T02:47:23","slug":"eviter-le-renoncement-au-soin-le-service-sante-de-nantes-universite-se-rapproche-des","status":"publish","type":"post","link":"https:\/\/www.europesays.com\/fr\/461340\/","title":{"rendered":"\u00ab\u00a0\u00c9viter le renoncement au soin\u00a0\u00bb\u00a0: le service sant\u00e9 de Nantes universit\u00e9 se rapproche des"},"content":{"rendered":"<tr wp_automatic_readability=\"5.8953488372093\">\n<td valign=\"middle\" align=\"center\" class=\"col-logo\" wp_automatic_readability=\"5\">\n    <img decoding=\"async\" src=\"https:\/\/maville.com\/design\/images\/logo-of-monetise.svg?version=20130627\" alt=\"logo Ouest-France\" height=\"66\"\/><\/p>\n<p>Contenu r\u00e9serv\u00e9 aux abonn\u00e9s<\/p>\n<\/td>\n<td class=\"col-titre\">\n\t\t\tLundi 13 octobre 2025 18:00<br \/>\n\t\t\t<a class=\"icon-bulle sizeL count\" href=\"#ancreAvis\"><br \/>\n\t&#8230;<br \/>\n<\/a><\/td>\n<\/tr>\n<p>\t\t<a class=\"mavillebox2 elmt-photo\" href=\"https:\/\/maville.com\/photosmvi\/2025\/10\/13\/P35520146D7018449G.jpg\" title=\" Estelle Legeard, cheffe du service sant\u00e9 \u00e9tudiant de Nantes universit\u00e9, dans les locaux de la nouvelle antenne install\u00e9e dans l\u2019\u00e9cole d\u2019architecture, sur l\u2019\u00cele de Nantes.  \u00a9  Ouest-France  &lt;!--TAG-BLC credit--&gt;\" rel=\"galerie_actu noopener\" target=\"_blank\"><br \/>\n\t<img decoding=\"async\" src=\"https:\/\/www.europesays.com\/fr\/wp-content\/uploads\/2025\/10\/P35520146D7018449G_crop_640-330_.jpg\" alt=\"photo  estelle legeard, cheffe du service sant\u00e9 \u00e9tudiant de nantes universit\u00e9, dans les locaux de la nouvelle antenne install\u00e9e dans l\u2019\u00e9cole d\u2019architecture, sur l\u2019\u00eele de nantes.  \u00a9  ouest-france \"\/><br \/>\n\t2<br \/>\n<\/a><\/p>\n<p class=\"elmt-legende\"> Estelle Legeard, cheffe du service sant\u00e9 \u00e9tudiant de Nantes universit\u00e9, dans les locaux de la nouvelle antenne install\u00e9e dans l\u2019\u00e9cole d\u2019architecture, sur l\u2019\u00cele de Nantes.  \u00a9  Ouest-France  <\/p>\n<p><a class=\"mavillebox2\" href=\"https:\/\/maville.com\/photosmvi\/2025\/10\/13\/P35520147D7018449G.jpg\" title=\"les locaux de l\u2019antenne du service sant\u00e9 \u00e9tudiant sur l\u2019\u00eele de nantes ont \u00e9t\u00e9 inaugur\u00e9s ce lundi 13\u00a0octobre, en pr\u00e9sence de jean-marc ayrault, pr\u00e9sident du conseil d\u2019administration de l\u2019ensa, katia b\u00e9guin, la rectrice, carine bernault, pr\u00e9sidente de nantes universit\u00e9, et \u00e9ric lengereau, directeur de l\u2019ensa. \u00a9  ouest-france \" rel=\"galerie_actu noopener\" target=\"_blank\"><\/p>\n<p>\t\tLe service sant\u00e9 \u00e9tudiant de Nantes universit\u00e9 r\u00e9alise chaque ann\u00e9e 23\u00a0000\u00a0consultations. Ce lundi 13\u00a0octobre, il a inaugur\u00e9 une nouvelle antenne \u00e0 l\u2019int\u00e9rieur de l\u2019\u00c9cole nationale sup\u00e9rieure d\u2019architecture. Objectif\u00a0: se rapprocher de tous les \u00e9tudiants du campus de l\u2019\u00eele de Nantes, qui seront pr\u00e8s de 10\u00a0000\u00a0\u00e0 terme, et \u00e9viter le renoncement aux soins en raison de la distance qui les s\u00e9pare du centre de sant\u00e9, au nord de Nantes.<\/p>\n<p><b>Cet article est r\u00e9serv\u00e9 aux abonn\u00e9s<\/b><\/p>\n<p>Pour un acc\u00e8s imm\u00e9diat, abonnez-vous<\/p>\n<p><b>1\u00e8re semaine offerte<\/b><\/p>\n<p>\t\t St\u00e9phanie BAZYLAK. \u00a0\u00a0<br \/>\n\t\tOuest-France<\/p>\n<p>Retrouvez d&rsquo;autres actus sur la commune de :<\/p>\n<p>\t\t&#13;<\/p>\n","protected":false},"excerpt":{"rendered":"Contenu r\u00e9serv\u00e9 aux abonn\u00e9s Lundi 13 octobre 2025 18:00 &#8230; 2 Estelle Legeard, cheffe du service sant\u00e9 \u00e9tudiant&hellip;\n","protected":false},"author":2,"featured_media":461341,"comment_status":"","ping_status":"","sticky":false,"template":"","format":"standard","meta":{"footnotes":""},"categories":[2818],"tags":[1111,11,6379,1777,674,7049,1011,27,766,12,2636,17296,58596,25,71,3737,35749,5768],"class_list":{"0":"post-461340","1":"post","2":"type-post","3":"status-publish","4":"format-standard","5":"has-post-thumbnail","7":"category-nantes","8":"tag-actu","9":"tag-actualites","10":"tag-etudiants","11":"tag-eu","12":"tag-europe","13":"tag-eviter","14":"tag-fr","15":"tag-france","16":"tag-nantes","17":"tag-news","18":"tag-pays-de-la-loire","19":"tag-rapproche","20":"tag-renoncement","21":"tag-republique-francaise","22":"tag-sante","23":"tag-service","24":"tag-soin","25":"tag-universite"},"share_on_mastodon":{"url":"https:\/\/pubeurope.com\/@fr\/115370239774832620","error":""},"_links":{"self":[{"href":"https:\/\/www.europesays.com\/fr\/wp-json\/wp\/v2\/posts\/461340","targetHints":{"allow":["GET"]}}],"collection":[{"href":"https:\/\/www.europesays.com\/fr\/wp-json\/wp\/v2\/posts"}],"about":[{"href":"https:\/\/www.europesays.com\/fr\/wp-json\/wp\/v2\/types\/post"}],"author":[{"embeddable":true,"href":"https:\/\/www.europesays.com\/fr\/wp-json\/wp\/v2\/users\/2"}],"replies":[{"embeddable":true,"href":"https:\/\/www.europesays.com\/fr\/wp-json\/wp\/v2\/comments?post=461340"}],"version-history":[{"count":0,"href":"https:\/\/www.europesays.com\/fr\/wp-json\/wp\/v2\/posts\/461340\/revisions"}],"wp:featuredmedia":[{"embeddable":true,"href":"https:\/\/www.europesays.com\/fr\/wp-json\/wp\/v2\/media\/461341"}],"wp:attachment":[{"href":"https:\/\/www.europesays.com\/fr\/wp-json\/wp\/v2\/media?parent=461340"}],"wp:term":[{"taxonomy":"category","embeddable":true,"href":"https:\/\/www.europesays.com\/fr\/wp-json\/wp\/v2\/categories?post=461340"},{"taxonomy":"post_tag","embeddable":true,"href":"https:\/\/www.europesays.com\/fr\/wp-json\/wp\/v2\/tags?post=461340"}],"curies":[{"name":"wp","href":"https:\/\/api.w.org\/{rel}","templated":true}]}}