{"id":461342,"date":"2025-10-14T02:48:32","date_gmt":"2025-10-14T02:48:32","guid":{"rendered":"https:\/\/www.europesays.com\/fr\/461342\/"},"modified":"2025-10-14T02:48:32","modified_gmt":"2025-10-14T02:48:32","slug":"cinq-amenagements-phares-pour-une-ville-plus-accessible","status":"publish","type":"post","link":"https:\/\/www.europesays.com\/fr\/461342\/","title":{"rendered":"Cinq am\u00e9nagements phares pour une ville plus accessible"},"content":{"rendered":"<p>Ouverte en 2023, la maison de quartier la locomotive vise une accessibilit\u00e9 maximale (ascenseur, bande podotactile de guidage, alarmes visuelles, signal\u00e9tique, pictogrammes). Elle propose un dispositif innovant :\u00ab Des meubles cosy en forme d\u2019alc\u00f4ve, explique Agathe Konat\u00e9, directrice de la maison de quartier. Ils permettent de se couper compl\u00e8tement du flux et de l\u2019agitation. Ces espaces rassurants sont particuli\u00e8rement indiqu\u00e9s pour les personnes porteuses d\u2019un trouble autistique, mais<br \/>aussi pour toutes celles et ceux qui ont besoin de calme.\u00a0<\/p>\n","protected":false},"excerpt":{"rendered":"Ouverte en 2023, la maison de quartier la locomotive vise une accessibilit\u00e9 maximale (ascenseur, bande podotactile de guidage,&hellip;\n","protected":false},"author":2,"featured_media":461343,"comment_status":"","ping_status":"","sticky":false,"template":"","format":"standard","meta":{"footnotes":""},"categories":[2818],"tags":[1111,11,1777,674,1011,27,766,12,2636,25],"class_list":{"0":"post-461342","1":"post","2":"type-post","3":"status-publish","4":"format-standard","5":"has-post-thumbnail","7":"category-nantes","8":"tag-actu","9":"tag-actualites","10":"tag-eu","11":"tag-europe","12":"tag-fr","13":"tag-france","14":"tag-nantes","15":"tag-news","16":"tag-pays-de-la-loire","17":"tag-republique-francaise"},"share_on_mastodon":{"url":"https:\/\/pubeurope.com\/@fr\/115370243339247352","error":""},"_links":{"self":[{"href":"https:\/\/www.europesays.com\/fr\/wp-json\/wp\/v2\/posts\/461342","targetHints":{"allow":["GET"]}}],"collection":[{"href":"https:\/\/www.europesays.com\/fr\/wp-json\/wp\/v2\/posts"}],"about":[{"href":"https:\/\/www.europesays.com\/fr\/wp-json\/wp\/v2\/types\/post"}],"author":[{"embeddable":true,"href":"https:\/\/www.europesays.com\/fr\/wp-json\/wp\/v2\/users\/2"}],"replies":[{"embeddable":true,"href":"https:\/\/www.europesays.com\/fr\/wp-json\/wp\/v2\/comments?post=461342"}],"version-history":[{"count":0,"href":"https:\/\/www.europesays.com\/fr\/wp-json\/wp\/v2\/posts\/461342\/revisions"}],"wp:featuredmedia":[{"embeddable":true,"href":"https:\/\/www.europesays.com\/fr\/wp-json\/wp\/v2\/media\/461343"}],"wp:attachment":[{"href":"https:\/\/www.europesays.com\/fr\/wp-json\/wp\/v2\/media?parent=461342"}],"wp:term":[{"taxonomy":"category","embeddable":true,"href":"https:\/\/www.europesays.com\/fr\/wp-json\/wp\/v2\/categories?post=461342"},{"taxonomy":"post_tag","embeddable":true,"href":"https:\/\/www.europesays.com\/fr\/wp-json\/wp\/v2\/tags?post=461342"}],"curies":[{"name":"wp","href":"https:\/\/api.w.org\/{rel}","templated":true}]}}