{"id":461346,"date":"2025-10-14T02:50:28","date_gmt":"2025-10-14T02:50:28","guid":{"rendered":"https:\/\/www.europesays.com\/fr\/461346\/"},"modified":"2025-10-14T02:50:28","modified_gmt":"2025-10-14T02:50:28","slug":"lassociation-movinup-organise-une-journee-autour-de-la-k-pop","status":"publish","type":"post","link":"https:\/\/www.europesays.com\/fr\/461346\/","title":{"rendered":"l\u2019association Movin\u2019up organise une journ\u00e9e autour de la K-pop"},"content":{"rendered":"<p>L\u2019association Movin\u2019up, nouvellement cr\u00e9\u00e9e, propose la deuxi\u00e8me \u00e9dition de son mini-festival K-M\u00e9ria le samedi 18\u00a0octobre sur les terrasses de M\u00e9riadeck. C\u2019est gr\u00e2ce \u00e0 une riche rencontre avec des \u00e9ducateurs de l\u2019association du Calk (Comit\u00e9 d\u2019animation Lafontaine Kleber) qu\u2019une bande de jeunes r\u00e9alise son r\u00eave.<\/p>\n<p>\u00ab\u00a0Au cours d\u2019une de nos visites r\u00e9guli\u00e8res sur les terrasses du quartier, nous avons rep\u00e9r\u00e9 ce groupe de jeunes dansant au son de musiques et chants de K-pop, face au reflet des vitres d\u2019immeubles administratifs de l\u2019esplanade\u00a0\u00bb, racontent Aur\u00e9lien Moussu et Armelle Sicard, \u00e9ducateurs de rue au sein du Calk. \u00ab\u00a0Tout en souhaitant valoriser les lieux urbains occup\u00e9s, notre mission est d\u2019aller au-devant des jeunes de 11 \u00e0 25\u00a0ans \u2018\u2018errants\u2019\u2019 dans l\u2019espace public, en leur proposant de les aider ou de les encadrer le temps qu\u2019ils s\u2019approprient le soutien propos\u00e9.\u00a0\u00bb<\/p>\n<p>\u00ab\u00a0Expression des d\u00e9tails\u00a0\u00bb<\/p>\n<p>La rencontre avec le groupe a d\u00e9bouch\u00e9 dans la foul\u00e9e par la cr\u00e9ation en octobre 2024, sur les toits de M\u00e9riadeck, d\u2019un \u00e9v\u00e9nement artistique autour de la K-pop. Le succ\u00e8s de cette premi\u00e8re \u00e9dition, dont la logistique a \u00e9t\u00e9 soutenue par le Calk, a \u00e9t\u00e9 imm\u00e9diat. Une centaine de filles et gar\u00e7ons se sont r\u00e9unis aux sons des musiques et danses d\u2019inspiration cor\u00e9enne. \u00ab\u00a0C\u2019est important que des personnes viennent vers nous, les jeunes, car c\u2019est s\u00fbr que nous ne le ferions pas\u00a0\u00bb, appr\u00e9cie Marc Jehu Ngouwa, pr\u00e9sident de l\u2019association, dit Mark Jeuboss sur sc\u00e8ne.<\/p>\n<p>Ce mouvement artistique a surtout explos\u00e9 en France apr\u00e8s le confinement. Contrairement au hip-hop, plus individuel, la K-pop demande une chor\u00e9graphie collective calibr\u00e9e au millim\u00e8tre. \u00ab\u00a0Nos danses sont bas\u00e9es sur l\u2019expression des d\u00e9tails, ceux du corps comme ceux des \u00e9motions\u00a0\u00bb, pr\u00e9cise Amandine Chevreux, secr\u00e9taire de Movin\u2019up et danseuse.<\/p>\n<p>Pour cette deuxi\u00e8me \u00e9dition, les organisateurs souhaitent r\u00e9unir le m\u00eame jour aussi bien des chevronn\u00e9s que des amateurs. Des s\u00e9ances d\u2019initiation sont \u00e9galement au programme. Le public est \u00e0 la fois spectateur et danseur.<\/p>\n<p>Entr\u00e9e libre. De 13 \u00e0 19\u00a0heures, terrasse du G\u00e9n\u00e9ral-Koenig (c\u00f4t\u00e9 entr\u00e9e du bowling).<\/p>\n","protected":false},"excerpt":{"rendered":"L\u2019association Movin\u2019up, nouvellement cr\u00e9\u00e9e, propose la deuxi\u00e8me \u00e9dition de son mini-festival K-M\u00e9ria le samedi 18\u00a0octobre sur les terrasses&hellip;\n","protected":false},"author":2,"featured_media":461347,"comment_status":"","ping_status":"","sticky":false,"template":"","format":"standard","meta":{"footnotes":""},"categories":[2817],"tags":[1111,11,1997,1777,674,1011,27,12,2219,25],"class_list":{"0":"post-461346","1":"post","2":"type-post","3":"status-publish","4":"format-standard","5":"has-post-thumbnail","7":"category-bordeaux","8":"tag-actu","9":"tag-actualites","10":"tag-bordeaux","11":"tag-eu","12":"tag-europe","13":"tag-fr","14":"tag-france","15":"tag-news","16":"tag-nouvelle-aquitaine","17":"tag-republique-francaise"},"share_on_mastodon":{"url":"https:\/\/pubeurope.com\/@fr\/115370251457492930","error":""},"_links":{"self":[{"href":"https:\/\/www.europesays.com\/fr\/wp-json\/wp\/v2\/posts\/461346","targetHints":{"allow":["GET"]}}],"collection":[{"href":"https:\/\/www.europesays.com\/fr\/wp-json\/wp\/v2\/posts"}],"about":[{"href":"https:\/\/www.europesays.com\/fr\/wp-json\/wp\/v2\/types\/post"}],"author":[{"embeddable":true,"href":"https:\/\/www.europesays.com\/fr\/wp-json\/wp\/v2\/users\/2"}],"replies":[{"embeddable":true,"href":"https:\/\/www.europesays.com\/fr\/wp-json\/wp\/v2\/comments?post=461346"}],"version-history":[{"count":0,"href":"https:\/\/www.europesays.com\/fr\/wp-json\/wp\/v2\/posts\/461346\/revisions"}],"wp:featuredmedia":[{"embeddable":true,"href":"https:\/\/www.europesays.com\/fr\/wp-json\/wp\/v2\/media\/461347"}],"wp:attachment":[{"href":"https:\/\/www.europesays.com\/fr\/wp-json\/wp\/v2\/media?parent=461346"}],"wp:term":[{"taxonomy":"category","embeddable":true,"href":"https:\/\/www.europesays.com\/fr\/wp-json\/wp\/v2\/categories?post=461346"},{"taxonomy":"post_tag","embeddable":true,"href":"https:\/\/www.europesays.com\/fr\/wp-json\/wp\/v2\/tags?post=461346"}],"curies":[{"name":"wp","href":"https:\/\/api.w.org\/{rel}","templated":true}]}}