{"id":461354,"date":"2025-10-14T02:55:16","date_gmt":"2025-10-14T02:55:16","guid":{"rendered":"https:\/\/www.europesays.com\/fr\/461354\/"},"modified":"2025-10-14T02:55:16","modified_gmt":"2025-10-14T02:55:16","slug":"un-dialogue-a-inventer-au-mucem","status":"publish","type":"post","link":"https:\/\/www.europesays.com\/fr\/461354\/","title":{"rendered":"un dialogue \u00e0 inventer au Mucem"},"content":{"rendered":"<p>Et si l\u2019art devenait un levier pour mieux comprendre, exprimer et accompagner la sant\u00e9 mentale\u00a0? Avec la deuxi\u00e8me \u00e9dition de \u00ab\u00a0Bien dans ma t\u00eate\u00a0\u00bb, le Mucem poursuit son engagement en croisant regards artistiques, scientifiques et citoyens. <\/p>\n<p>Le mus\u00e9e marseillais profite ainsi du lancement de son exposition \u00ab\u00a0Don Quichotte\u00a0: histoire de fou, histoire d\u2019en rire\u00a0\u00bb pour proposer deux journ\u00e9es de r\u00e9flexion collective sur les liens entre les troubles psychiques et les pratiques cr\u00e9atives.<\/p>\n<p><strong>L\u2019art au service du soin<\/strong><\/p>\n<p>Objectif de l\u2019op\u00e9ration\u00a0: lib\u00e9rer la parole, d\u00e9cloisonner les disciplines et faire de l\u2019art un espace d\u2019\u00e9coute, de partage et de soin. D\u00e9j\u00e0 en 2019, le Bureau r\u00e9gional de l\u2019Organisation mondiale de la sant\u00e9 (OMS) pour l\u2019Europe mettait en lumi\u00e8re le r\u00f4le b\u00e9n\u00e9fique de la culture et des pratiques artistiques dans le processus de gu\u00e9rison de certaines pathologies mentales. <\/p>\n<p>Aujourd\u2019hui, cette intuition devient une conviction partag\u00e9e par un nombre croissant d\u2019acteurs\u00a0: professionnels de sant\u00e9, artistes, institutions, mais aussi les personnes directement concern\u00e9es.<\/p>\n<p>Comment l\u2019art peut-il accompagner un parcours de soin ou de r\u00e9tablissement\u00a0? Quelles formes peut prendre la cr\u00e9ation lorsqu\u2019elle devient un outil d\u2019expression des souffrances invisibles\u00a0? Pendant deux jours, experts et publics sont invit\u00e9s \u00e0 r\u00e9fl\u00e9chir ensemble \u00e0 ces enjeux, \u00e0 travers des temps d\u2019\u00e9changes, de t\u00e9moignages, d\u2019ateliers et de rencontres.<\/p>\n<p><strong>Le programme<\/strong><\/p>\n<p>Vendredi 17 octobre 2025\u00a0: journ\u00e9e d\u00e9di\u00e9e aux professionnels des secteurs de la sant\u00e9, du social, de la culture, des \u00e9tablissements d\u2019enseignement sup\u00e9rieur, de l\u2019\u00e9ducation nationale, de l\u2019\u00e9ducation populaire et de l\u2019aide sociale \u00e0 l\u2019enfance. Un forum associatif se tiendra de 9h \u00e0 17h en acc\u00e8s libre au Mucem.<\/p>\n<p>Samedi 18 octobre 2025\u00a0: ateliers de l\u2019Usine de Films Amateurs de Michel Gondry\u00a0; Rencontres \u00ab\u00a0L\u2019art est-il bon pour la sant\u00e9\u00a0?\u00a0\u00bb \u00ab\u00a0Moi aussi\u00a0\u00bb et \u00ab\u00a0Nous aussi\u00a0\u00bb\u00a0; Table-ronde entretien crois\u00e9 aux fronti\u00e8res de l\u2019art et du soin\u00a0; Soir\u00e9e et spectacle de Florence Mendez. L&rsquo;occasion aussi de rencontrer de nombreux intervenants, comme Camille Teste, Alicia Va\u00efsse, Abraham Poincheval ou encore Tolten.<\/p>\n","protected":false},"excerpt":{"rendered":"Et si l\u2019art devenait un levier pour mieux comprendre, exprimer et accompagner la sant\u00e9 mentale\u00a0? Avec la deuxi\u00e8me&hellip;\n","protected":false},"author":2,"featured_media":461355,"comment_status":"","ping_status":"","sticky":false,"template":"","format":"standard","meta":{"footnotes":""},"categories":[2814],"tags":[17,1111,11,4942,251,8617,1777,674,1011,27,58597,884,26791,6864,12,882,25,71],"class_list":{"0":"post-461354","1":"post","2":"type-post","3":"status-publish","4":"format-standard","5":"has-post-thumbnail","7":"category-marseille","8":"tag-17","9":"tag-actu","10":"tag-actualites","11":"tag-creation","12":"tag-culture","13":"tag-dialogue","14":"tag-eu","15":"tag-europe","16":"tag-fr","17":"tag-france","18":"tag-inventer","19":"tag-marseille","20":"tag-mentale","21":"tag-mucem","22":"tag-news","23":"tag-provence-alpes-cote-dazur","24":"tag-republique-francaise","25":"tag-sante"},"share_on_mastodon":{"url":"https:\/\/pubeurope.com\/@fr\/115370270710812260","error":""},"_links":{"self":[{"href":"https:\/\/www.europesays.com\/fr\/wp-json\/wp\/v2\/posts\/461354","targetHints":{"allow":["GET"]}}],"collection":[{"href":"https:\/\/www.europesays.com\/fr\/wp-json\/wp\/v2\/posts"}],"about":[{"href":"https:\/\/www.europesays.com\/fr\/wp-json\/wp\/v2\/types\/post"}],"author":[{"embeddable":true,"href":"https:\/\/www.europesays.com\/fr\/wp-json\/wp\/v2\/users\/2"}],"replies":[{"embeddable":true,"href":"https:\/\/www.europesays.com\/fr\/wp-json\/wp\/v2\/comments?post=461354"}],"version-history":[{"count":0,"href":"https:\/\/www.europesays.com\/fr\/wp-json\/wp\/v2\/posts\/461354\/revisions"}],"wp:featuredmedia":[{"embeddable":true,"href":"https:\/\/www.europesays.com\/fr\/wp-json\/wp\/v2\/media\/461355"}],"wp:attachment":[{"href":"https:\/\/www.europesays.com\/fr\/wp-json\/wp\/v2\/media?parent=461354"}],"wp:term":[{"taxonomy":"category","embeddable":true,"href":"https:\/\/www.europesays.com\/fr\/wp-json\/wp\/v2\/categories?post=461354"},{"taxonomy":"post_tag","embeddable":true,"href":"https:\/\/www.europesays.com\/fr\/wp-json\/wp\/v2\/tags?post=461354"}],"curies":[{"name":"wp","href":"https:\/\/api.w.org\/{rel}","templated":true}]}}