{"id":461358,"date":"2025-10-14T02:57:10","date_gmt":"2025-10-14T02:57:10","guid":{"rendered":"https:\/\/www.europesays.com\/fr\/461358\/"},"modified":"2025-10-14T02:57:10","modified_gmt":"2025-10-14T02:57:10","slug":"lenquete-transferee-au-pole-antiterroriste-de-paris","status":"publish","type":"post","link":"https:\/\/www.europesays.com\/fr\/461358\/","title":{"rendered":"l\u2019enqu\u00eate transf\u00e9r\u00e9e au p\u00f4le antiterroriste de Paris"},"content":{"rendered":"<p itemprop=\"description\"><strong>L\u2019instruction quitte Lyon pour Paris.<\/strong><\/p>\n<p>Le juge d\u2019instruction du tribunal judiciaire de Lyon s\u2019est officiellement dessaisi de l\u2019enqu\u00eate le 9 octobre, au profit du p\u00f4le antiterroriste de l\u2019instruction du tribunal judiciaire de Paris. Une d\u00e9cision intervenue quelques jours apr\u00e8s l\u2019interpellation, le 2 octobre dans le sud de l\u2019Italie, d\u2019un homme soup\u00e7onn\u00e9 d\u2019\u00eatre impliqu\u00e9 dans la mort d\u2019Ashur Sarnaya.<\/p>\n<p>Pour rappel, la victime, un chr\u00e9tien originaire d\u2019Irak et en situation de handicap, <a href=\"https:\/\/www.lyonmag.com\/article\/147148\/meurtre-d-un-chretien-irakien-a-lyon-le-suspect-retrouve-en-italie\" target=\"_blank\" rel=\"noopener\">avait \u00e9t\u00e9 poignard\u00e9e<\/a> le 10 septembre dans le 9e arrondissement de Lyon. L\u2019enqu\u00eate, initialement ouverte pour assassinat le 22 septembre, prend d\u00e9sormais une tout autre dimension.<\/p>\n<p>Dans un communiqu\u00e9 commun, le procureur de Lyon Thierry Dran et le procureur national antiterroriste Olivier Christen indiquent : \u00ab\u00a0Au regard des derni\u00e8res avanc\u00e9es de l\u2019enqu\u00eate intervenues sur commission rogatoire et couvertes par le secret de l\u2019instruction, le parquet de Lyon a, apr\u00e8s en avoir \u00e9chang\u00e9 avec le parquet national antiterroriste, \u00e9tendu par r\u00e9quisitoire suppl\u00e9tif en date du 9 octobre 2025 l\u2019information judiciaire ouverte le 22 septembre en suite de l\u2019assassinat d\u2019Ashur Sarnaya, aux infractions d\u2019assassinat en relation avec une entreprise terroriste et association de malfaiteurs terroriste criminelle.\u00a0\u00bb<\/p>\n","protected":false},"excerpt":{"rendered":"L\u2019instruction quitte Lyon pour Paris. Le juge d\u2019instruction du tribunal judiciaire de Lyon s\u2019est officiellement dessaisi de l\u2019enqu\u00eate&hellip;\n","protected":false},"author":2,"featured_media":461359,"comment_status":"","ping_status":"","sticky":false,"template":"","format":"standard","meta":{"footnotes":""},"categories":[1889],"tags":[1111,11,2813,2190,2430,1109,251,1112,2811,1777,674,118,1011,27,1922,1110,1114,2428,2810,12,241,316,25,2812,517,800],"class_list":{"0":"post-461358","1":"post","2":"type-post","3":"status-publish","4":"format-standard","5":"has-post-thumbnail","7":"category-lyon","8":"tag-actu","9":"tag-actualites","10":"tag-article","11":"tag-asvel","12":"tag-auvergne-rhone-alpes","13":"tag-breves","14":"tag-culture","15":"tag-depeches","16":"tag-economique","17":"tag-eu","18":"tag-europe","19":"tag-faits-divers","20":"tag-fr","21":"tag-france","22":"tag-info","23":"tag-informations","24":"tag-infos","25":"tag-lyon","26":"tag-lyonmag","27":"tag-news","28":"tag-ol","29":"tag-politique","30":"tag-republique-francaise","31":"tag-sociale","32":"tag-sport","33":"tag-transports"},"share_on_mastodon":{"url":"https:\/\/pubeurope.com\/@fr\/115370278530633692","error":""},"_links":{"self":[{"href":"https:\/\/www.europesays.com\/fr\/wp-json\/wp\/v2\/posts\/461358","targetHints":{"allow":["GET"]}}],"collection":[{"href":"https:\/\/www.europesays.com\/fr\/wp-json\/wp\/v2\/posts"}],"about":[{"href":"https:\/\/www.europesays.com\/fr\/wp-json\/wp\/v2\/types\/post"}],"author":[{"embeddable":true,"href":"https:\/\/www.europesays.com\/fr\/wp-json\/wp\/v2\/users\/2"}],"replies":[{"embeddable":true,"href":"https:\/\/www.europesays.com\/fr\/wp-json\/wp\/v2\/comments?post=461358"}],"version-history":[{"count":0,"href":"https:\/\/www.europesays.com\/fr\/wp-json\/wp\/v2\/posts\/461358\/revisions"}],"wp:featuredmedia":[{"embeddable":true,"href":"https:\/\/www.europesays.com\/fr\/wp-json\/wp\/v2\/media\/461359"}],"wp:attachment":[{"href":"https:\/\/www.europesays.com\/fr\/wp-json\/wp\/v2\/media?parent=461358"}],"wp:term":[{"taxonomy":"category","embeddable":true,"href":"https:\/\/www.europesays.com\/fr\/wp-json\/wp\/v2\/categories?post=461358"},{"taxonomy":"post_tag","embeddable":true,"href":"https:\/\/www.europesays.com\/fr\/wp-json\/wp\/v2\/tags?post=461358"}],"curies":[{"name":"wp","href":"https:\/\/api.w.org\/{rel}","templated":true}]}}