{"id":461362,"date":"2025-10-14T02:59:13","date_gmt":"2025-10-14T02:59:13","guid":{"rendered":"https:\/\/www.europesays.com\/fr\/461362\/"},"modified":"2025-10-14T02:59:13","modified_gmt":"2025-10-14T02:59:13","slug":"grands-prix-de-la-region-capitale-vrt-2025","status":"publish","type":"post","link":"https:\/\/www.europesays.com\/fr\/461362\/","title":{"rendered":"Grands Prix de la R\u00e9gion Capitale VR&#038;T 2025"},"content":{"rendered":"<p><strong>La 13\u1d49 \u00e9dition des Grands Prix de la R\u00e9gion Capitale VR&amp;T se d\u00e9roulera le 16 octobre 2025 <\/strong><strong>dans l&rsquo;h\u00e9micycle du Conseil R\u00e9gional d&rsquo;\u00cele-de-France, <\/strong><strong>\u00e0 Saint-Ou<\/strong><strong>en<\/strong><strong>. Rendez-vous incontournable de l&rsquo;innovation en mobilit\u00e9, cet \u00e9v\u00e9nement met \u00e0 l&rsquo;honneur les projets les plus audacieux qui fa\u00e7onnent l\u2019avenir des transports franciliens.\u00a0<\/strong><\/p>\n<p><strong>Organis\u00e9e par VRT Transport, le magazine de r\u00e9f\u00e9rence d\u00e9di\u00e9 \u00e0 l\u2019innovation et aux enjeux des mobilit\u00e9s urbaines et ferroviaires, cette c\u00e9r\u00e9monie sera pr\u00e9sent\u00e9e par Bertrand Lambert, journaliste embl\u00e9matique de l\u2019\u00e9mission Parigo.<\/strong><\/p>\n<p><strong>Neuf cat\u00e9gories pour r\u00e9compenser l\u2019innovation<\/strong><\/p>\n<p>Au total, neuf cat\u00e9gories refl\u00e9tant les grands enjeux actuels sont r\u00e9compens\u00e9es : innovation, intermodalit\u00e9, am\u00e9nagement urbain, modernisation des infrastructures, ou encore logistique urbaine et Smart City. Ces projets ont un objectif commun\u00a0: am\u00e9liorer concr\u00e8tement le quotidien des Franciliens.<\/p>\n<p>Les laur\u00e9ats de l\u2019\u00e9dition 2025 :<\/p>\n<ul>\n<li><strong>Prix Innovation<\/strong><\/li>\n<li><strong>Smart City<\/strong><\/li>\n<li><strong>P\u00e9riurbain<\/strong><\/li>\n<li><strong>Gestion de projet<\/strong><\/li>\n<li><strong>Am\u00e9nagement urbain<\/strong><\/li>\n<li><strong>Modernisation<\/strong><\/li>\n<li><strong>Intermodalit\u00e9<\/strong><\/li>\n<li><strong>D\u00e9veloppement durable<\/strong><\/li>\n<li><strong>Prix sp\u00e9cial du jury<\/strong>\u00a0<\/li>\n<\/ul>\n<p><strong>Une c\u00e9r\u00e9monie anim\u00e9e par Bertrand Lambert\u00a0<\/strong><\/p>\n<p>La remise des prix sera anim\u00e9e par Bertrand Lambert, journaliste sp\u00e9cialis\u00e9 transports et pr\u00e9sentateur de <a href=\"https:\/\/www.france.tv\/france-3\/paris-ile-de-france\/parigo\/\" rel=\"nofollow noopener\" target=\"_blank\">l\u2019\u00e9mission Parigo :<\/a>\u00a0un programme ICI Paris \u00cele-de-France diffus\u00e9 sur <a href=\"http:\/\/france.tv\/\" rel=\"nofollow noopener\" target=\"_blank\">france.tv\/idf<\/a> et France 3, le samedi \u00e0 12.35.\u00a0<\/p>\n<p>Parigo est un magazine de d\u00e9cryptage centr\u00e9 sur les mobilit\u00e9s franciliennes diffus\u00e9 chaque semaine. Il donne la parole aux usagers, aux experts et aux d\u00e9cideurs pour mieux comprendre les enjeux d\u2019aujourd\u2019hui et les solutions de demain : RER, m\u00e9tro, v\u00e9lo, logistique urbaine, urbanisme\u2026 Chaque num\u00e9ro met en lumi\u00e8re les coulisses et les d\u00e9fis du r\u00e9seau de transport le plus dense d\u2019Europe.<\/p>\n<p>Tous les vendredis \u00e0 19h07, Bertrand Lambert re\u00e7oit \u00e9galement un invit\u00e9 pour passer en revue l&rsquo;actualit\u00e9 des transports franciliens. A l\u2019occasion des Grands Prix de la R\u00e9gion Capitale VR&amp;T 2025, un invit\u00e9 du Prix sp\u00e9cial du jury sera re\u00e7u dans l\u2019\u00e9mission <a href=\"https:\/\/www.france.tv\/france-3\/paris-ile-de-france\/ici-19-20-parigo-l-actu\/\" rel=\"nofollow noopener\" target=\"_blank\">Parigo L\u2019Actu<\/a>, vendredi 14 octobre sur France 3 Paris \u00cele-de-France.<\/p>\n<p><img decoding=\"async\" src=\"https:\/\/www.europesays.com\/fr\/wp-content\/uploads\/2025\/10\/PArigo actu.png\" data-entity-uuid=\"9a77d321-8108-4345-903a-f8edad9eba5b\" data-entity-type=\"file\" alt=\"Bertrand Lambert\" width=\"438\" height=\"247\" loading=\"lazy\"\/>\u00a0<\/p>\n<p>Parigo est aussi pr\u00e9sent sur les r\u00e9seaux sociaux avec <a href=\"https:\/\/www.france.tv\/france-3\/paris-ile-de-france\/parigo-express\/\" rel=\"nofollow noopener\" target=\"_blank\">\u00ab\u00a0Parigo Express\u00a0\u00bb<\/a>, un format court d\u2019une minute qui r\u00e9pond \u00e0 toutes vos questions sur les transports \u00e0 Paris et en \u00cele-de-France.<\/p>\n<p>\u00a0<\/p>\n<p><strong>Une conf\u00e9rence sur la concurrence dans les transports franciliens<\/strong><\/p>\n<p>En parall\u00e8le de la c\u00e9r\u00e9monie, une conf\u00e9rence-d\u00e9bat est organis\u00e9e pour \u00e9changer autour du th\u00e8me \u00ab La concurrence dans les transports franciliens : bilan et perspectives \u00bb. Alors que la mise en concurrence est d\u00e9j\u00e0 une r\u00e9alit\u00e9 en grande couronne, les appels d\u2019offres pour Paris intra-muros et les lignes ferroviaires annoncent une transformation en profondeur du paysage des transports. Cette \u00e9volution soul\u00e8ve de nombreux enjeux : nouveaux acteurs, d\u00e9fis organisationnels et attentes des usagers.<\/p>\n<p>Un partenariat au service de la mobilit\u00e9 durable<\/p>\n<p>Ce partenariat entre France 3 Paris \u00cele-de-France et VR&amp;T refl\u00e8te un engagement commun : soutenir l\u2019innovation, promouvoir la mobilit\u00e9 durable et valoriser les acteurs du changement qui transforment chaque jour les transports en \u00cele-de-France.<\/p>\n<p>Pour en savoir plus\u00a0: <a href=\"https:\/\/www.ville-rail-transports.com\/evenement\/13e-grands-prix-de-la-region-capitale\/\" rel=\"nofollow noopener\" target=\"_blank\">https:\/\/www.ville-rail-transports.com\/evenement\/13e-grands-prix-de-la-region-capitale\/<\/a>\u00a0<\/p>\n","protected":false},"excerpt":{"rendered":"La 13\u1d49 \u00e9dition des Grands Prix de la R\u00e9gion Capitale VR&amp;T se d\u00e9roulera le 16 octobre 2025 dans&hellip;\n","protected":false},"author":2,"featured_media":461363,"comment_status":"","ping_status":"","sticky":false,"template":"","format":"standard","meta":{"footnotes":""},"categories":[1592],"tags":[1111,11,1777,674,1011,27,662,12,626,25],"class_list":{"0":"post-461362","1":"post","2":"type-post","3":"status-publish","4":"format-standard","5":"has-post-thumbnail","7":"category-ile-de-france","8":"tag-actu","9":"tag-actualites","10":"tag-eu","11":"tag-europe","12":"tag-fr","13":"tag-france","14":"tag-ile-de-france","15":"tag-news","16":"tag-paris","17":"tag-republique-francaise"},"share_on_mastodon":{"url":"https:\/\/pubeurope.com\/@fr\/115370287401374660","error":""},"_links":{"self":[{"href":"https:\/\/www.europesays.com\/fr\/wp-json\/wp\/v2\/posts\/461362","targetHints":{"allow":["GET"]}}],"collection":[{"href":"https:\/\/www.europesays.com\/fr\/wp-json\/wp\/v2\/posts"}],"about":[{"href":"https:\/\/www.europesays.com\/fr\/wp-json\/wp\/v2\/types\/post"}],"author":[{"embeddable":true,"href":"https:\/\/www.europesays.com\/fr\/wp-json\/wp\/v2\/users\/2"}],"replies":[{"embeddable":true,"href":"https:\/\/www.europesays.com\/fr\/wp-json\/wp\/v2\/comments?post=461362"}],"version-history":[{"count":0,"href":"https:\/\/www.europesays.com\/fr\/wp-json\/wp\/v2\/posts\/461362\/revisions"}],"wp:featuredmedia":[{"embeddable":true,"href":"https:\/\/www.europesays.com\/fr\/wp-json\/wp\/v2\/media\/461363"}],"wp:attachment":[{"href":"https:\/\/www.europesays.com\/fr\/wp-json\/wp\/v2\/media?parent=461362"}],"wp:term":[{"taxonomy":"category","embeddable":true,"href":"https:\/\/www.europesays.com\/fr\/wp-json\/wp\/v2\/categories?post=461362"},{"taxonomy":"post_tag","embeddable":true,"href":"https:\/\/www.europesays.com\/fr\/wp-json\/wp\/v2\/tags?post=461362"}],"curies":[{"name":"wp","href":"https:\/\/api.w.org\/{rel}","templated":true}]}}