{"id":461364,"date":"2025-10-14T03:00:47","date_gmt":"2025-10-14T03:00:47","guid":{"rendered":"https:\/\/www.europesays.com\/fr\/461364\/"},"modified":"2025-10-14T03:00:47","modified_gmt":"2025-10-14T03:00:47","slug":"les-six-laureats-des-delegations-france-chimie-ile-de-france-et-centre-val-de-loire","status":"publish","type":"post","link":"https:\/\/www.europesays.com\/fr\/461364\/","title":{"rendered":"les six laur\u00e9ats des d\u00e9l\u00e9gations France Chimie Ile-de-France et Centre-Val de Loire"},"content":{"rendered":"<p>&#13;<br \/>\n\tPour la 7e fois, les deux d\u00e9l\u00e9gations r\u00e9gionales France Chimie Ile-de-France et France Chimie Centre-Val de Loire se sont unies pour d\u00e9cerner leurs Troph\u00e9es \u00ab Chimie Responsable \u00bb. Des prix remis tous les deux ans pour mettre en lumi\u00e8re les d\u00e9marches exemplaires des entreprises de leurs deux r\u00e9gions \u00ab qui font de la chimie une industrie d\u2019avenir, d\u2019innovation et de responsabilit\u00e9, essentielle aux transitions \u00e9cologiques, \u00e9nerg\u00e9tique et soci\u00e9tale \u00bb. La c\u00e9r\u00e9monie s\u2019est tenue le jeudi 9 octobre 2025 au FindClimate \u00e0 Nanterre. Six entreprises ont \u00e9t\u00e9 r\u00e9compens\u00e9es.<\/p>\n<p class=\"MsoNormal\">&#13;<br \/>\n\tLe Troph\u00e9e Eau a \u00e9t\u00e9 d\u00e9cern\u00e9 \u00e0 <strong>CMS HIGH TECH<\/strong>, une entreprise familiale fond\u00e9e en 1992, sp\u00e9cialis\u00e9e dans la production et la commercialisation de solvants industriels pour de nombreux secteurs. Elle a retenu l\u2019attention du jury pour un projet de r\u00e9duction d\u2019utilisation de l\u2019eau potable gr\u00e2ce \u00e0 l\u2019installation de syst\u00e8mes de r\u00e9cup\u00e9ration des eaux de pluie provenant des toitures et des voiries.<\/p>\n<p class=\"editoTitleType1 editoTitleType1--noBorder is-margin-0\">VOS <b>INDICES<\/b><\/p>\n<p>                source<br \/>\n                <img decoding=\"async\" src=\"https:\/\/www.europesays.com\/fr\/wp-content\/uploads\/2025\/05\/logo-indice-contations.png\" alt=\"Indices &amp; cotations\"\/><\/p>\n<p class=\"MsoNormal\">&#13;<br \/>\n\tLe Troph\u00e9e Energie est revenu \u00e0 <strong>Adionics<\/strong>, une SAS fran\u00e7aise cr\u00e9\u00e9e en 2012 dont l\u2019activit\u00e9 principale est le d\u00e9veloppement de solutions chimiques supramol\u00e9culaires r\u00e9pondant \u00e0 des besoins des march\u00e9s de l\u2019\u00e9nergie. L\u2019entreprise a \u00e9t\u00e9 r\u00e9compens\u00e9e pour une technologie d\u2019extraction directe du lithium \u00e0 partir du recyclage des batteries.<\/p>\n<p class=\"MsoNormal\">&#13;<br \/>\n\tConcepteur et fabricant de solutions de coloration pour divers secteurs industriels depuis de plus de 60 ans, <strong>TCN<\/strong> a remport\u00e9 le Troph\u00e9e Environnement. Pour le conditionnement de ses colorants, l\u2019entreprise de 10 personnes a mis au point des doses unitaires hydrosolubles, innovantes, \u00e9cologiques et \u00e9conomiques qui ont s\u00e9duit le jury.<\/p>\n<p class=\"MsoNormal\">&#13;<br \/>\n\tLe Troph\u00e9e S\u00e9curit\u00e9 revient au leader mondial des gaz industriels, <strong><a title=\"Informations et actus du leader mondial des gaz industriels - L&#039;Usine Nouvelle\" href=\"https:\/\/www.usinenouvelle.com\/air-liquide\/\" rel=\"nofollow noopener\" target=\"\" class=\"lien-contextuel\">Air Liquide<\/a><\/strong>, qui a d\u00e9velopp\u00e9 un jeu de soci\u00e9t\u00e9 autour du DUERP, une exigence r\u00e9glementaire qui n\u2019est pas toujours connue. Ce jeu regroupe sept classes de risques &#8211; d\u00e9placements, risques psychosociaux, biologique \/ hygi\u00e8ne, activit\u00e9s physiques, ph\u00e9nom\u00e8nes physiques, produits chimiques et environnement de travail. Il se joue en \u00e9quipe et offre un moment d\u2019\u00e9change et de partage des connaissances, tout en \u00e9tant facilement adaptable \u00e0 toutes les entreprises.<\/p>\n<p class=\"MsoNormal\">&#13;<br \/>\n\t<strong>Calyxia<\/strong>, une entreprise deep-tech fran\u00e7aise fond\u00e9e en 2015, issue d\u2019un partenariat entre l\u2019ESPCI Paris PSL et Harvard, pour le d\u00e9veloppement de microcapsules innovantes, durables et biod\u00e9gradables, a remport\u00e9 le Troph\u00e9e Soci\u00e9tal. Depuis 2024, Calyxia d\u00e9ploie un projet d\u2019engagement solidaire via la plateforme Vendredi, permettant \u00e0 ses collaborateurs de s\u2019impliquer dans des actions \u00e0 impact soci\u00e9tal sur leur temps de travail.<\/p>\n<p class=\"MsoNormal\">&#13;<br \/>\n\tLe jury s\u2019est enfin autoris\u00e9 \u00e0 remettre un prix Sp\u00e9cial \u00e0 la soci\u00e9t\u00e9 <strong>Jacobi<\/strong>, sp\u00e9cialis\u00e9e dans la fabrication de charbon actif de base v\u00e9g\u00e9tale et min\u00e9rale, pour la cr\u00e9ation d\u2019une nouvelle usine de r\u00e9activation en France. \u00c9tape qui n\u2019est propos\u00e9e actuellement qu\u2019\u00e0 l\u2019\u00e9tranger (Europe). Mat\u00e9riaux d\u00e9polluants permettant de r\u00e9pondre aux besoins de nombreux industriels (protection de l\u2019environnement, chimie, agroalimentaire, pharmacie, p\u00e9trochimie\u2026), les charbons actifs pr\u00e9sentent pourtant l\u2019avantage de pouvoir \u00eatre r\u00e9activ\u00e9s, et r\u00e9utilis\u00e9s plusieurs fois. L\u2019absence d\u2019offre fran\u00e7aise de r\u00e9activation pouvait constituer un frein au r\u00e9emploi de ces produits.<\/p>\n<p class=\"MsoNormal\">&#13;<br \/>\n\tCes laur\u00e9ats ont \u00e9t\u00e9 s\u00e9lectionn\u00e9s sur la base de dossiers anonymis\u00e9s par un jury, compos\u00e9 de repr\u00e9sentants de l\u2019Ademe Centre-Val de Loire, l\u2019Agence de l\u2019Eau Seine-Normandie, l\u2019Agence de l\u2019Eau Loire-Bretagne, <a title=\"News de l&#039;entreprise Arkema  sur L&#039;Usine Nouvelle \" href=\"https:\/\/www.usinenouvelle.com\/arkema\/\" rel=\"nofollow noopener\" target=\"\" class=\"lien-contextuel\">Arkema<\/a> Ch\u00e2teauroux, <a title=\" Les info et les actus du groupe chimiste allemand sur L&#039;Usine Nouvelle\" href=\"https:\/\/www.usinenouvelle.com\/basf\/\" rel=\"nofollow noopener\" target=\"\" class=\"lien-contextuel\">BASF<\/a>, la CARSAT Centre-Val de Loire, la CRAMIF, DEV\u2019UP, la DREETS Centre-Val de Loire, le DRIEAT \u00cele- de-France et InfoChimie Magazine.<\/p>\n<p class=\"editoTitleType1 editoTitleType1--lagoon is-uppercase\">S\u00e9lectionn\u00e9 <b>pour vous<\/b><\/p>\n<p>                                                                            <a class=\"editoCardType21__link editoCardType21__containerImage\" href=\"https:\/\/www.usinenouvelle.com\/article\/en-chine-l-immense-complexe-petrochimique-de-basf-devrait-etre-totalement-operationnel-d-ici-a-la-fin-2025.N2239458\" data-xiti-name=\"2239458\" rel=\"nofollow noopener\" target=\"_blank\"><\/p>\n<p>                                                                                                                                                    <img decoding=\"async\" src=\"data:image\/gif;base64,R0lGODdhAQABAPAAAMPDwwAAACwAAAAAAQABAAACAkQBADs=\" data-original=\"\/mediatheque\/3\/6\/5\/001532563_256x170_c.jpg\" alt=\"En Chine, l\u2019immense complexe p\u00e9trochimique de BASF devrait \u00eatre totalement op\u00e9rationnel d\u2019ici \u00e0 la fin 2025\"\/><\/p>\n<p>                            <\/a><\/p>\n","protected":false},"excerpt":{"rendered":"&#13; Pour la 7e fois, les deux d\u00e9l\u00e9gations r\u00e9gionales France Chimie Ile-de-France et France Chimie Centre-Val de Loire&hellip;\n","protected":false},"author":2,"featured_media":461365,"comment_status":"","ping_status":"","sticky":false,"template":"","format":"standard","meta":{"footnotes":""},"categories":[1592],"tags":[1111,11,10531,1777,674,1011,27,58598,662,12,626,25],"class_list":{"0":"post-461364","1":"post","2":"type-post","3":"status-publish","4":"format-standard","5":"has-post-thumbnail","7":"category-ile-de-france","8":"tag-actu","9":"tag-actualites","10":"tag-chimie","11":"tag-eu","12":"tag-europe","13":"tag-fr","14":"tag-france","15":"tag-france-chimie","16":"tag-ile-de-france","17":"tag-news","18":"tag-paris","19":"tag-republique-francaise"},"share_on_mastodon":{"url":"https:\/\/pubeurope.com\/@fr\/115370294638036786","error":""},"_links":{"self":[{"href":"https:\/\/www.europesays.com\/fr\/wp-json\/wp\/v2\/posts\/461364","targetHints":{"allow":["GET"]}}],"collection":[{"href":"https:\/\/www.europesays.com\/fr\/wp-json\/wp\/v2\/posts"}],"about":[{"href":"https:\/\/www.europesays.com\/fr\/wp-json\/wp\/v2\/types\/post"}],"author":[{"embeddable":true,"href":"https:\/\/www.europesays.com\/fr\/wp-json\/wp\/v2\/users\/2"}],"replies":[{"embeddable":true,"href":"https:\/\/www.europesays.com\/fr\/wp-json\/wp\/v2\/comments?post=461364"}],"version-history":[{"count":0,"href":"https:\/\/www.europesays.com\/fr\/wp-json\/wp\/v2\/posts\/461364\/revisions"}],"wp:featuredmedia":[{"embeddable":true,"href":"https:\/\/www.europesays.com\/fr\/wp-json\/wp\/v2\/media\/461365"}],"wp:attachment":[{"href":"https:\/\/www.europesays.com\/fr\/wp-json\/wp\/v2\/media?parent=461364"}],"wp:term":[{"taxonomy":"category","embeddable":true,"href":"https:\/\/www.europesays.com\/fr\/wp-json\/wp\/v2\/categories?post=461364"},{"taxonomy":"post_tag","embeddable":true,"href":"https:\/\/www.europesays.com\/fr\/wp-json\/wp\/v2\/tags?post=461364"}],"curies":[{"name":"wp","href":"https:\/\/api.w.org\/{rel}","templated":true}]}}