{"id":461366,"date":"2025-10-14T03:02:16","date_gmt":"2025-10-14T03:02:16","guid":{"rendered":"https:\/\/www.europesays.com\/fr\/461366\/"},"modified":"2025-10-14T03:02:16","modified_gmt":"2025-10-14T03:02:16","slug":"quelles-sont-les-pistes-du-nouveau-gouvernement-de-sebastien-lecornu","status":"publish","type":"post","link":"https:\/\/www.europesays.com\/fr\/461366\/","title":{"rendered":"quelles sont les pistes du nouveau gouvernement de S\u00e9bastien Lecornu ?"},"content":{"rendered":"<p>      lire plus tard<\/p>\n<p id=\"dialog__title\" class=\"dialog__title\">Pour sauvegarder cet article, connectez-vous ou cr\u00e9ez un compte franceinfo<\/p>\n<p class=\"dialog__description\">Sans paiement. Sans abonnement.<\/p>\n<p>        Fermer la fen\u00eatre d\u2019activation des notifications France Info<\/p>\n<p>      cr\u00e9er votre compte<\/p>\n<p>      se connecter<\/p>\n<p>        Fermer la fen\u00eatre de pr\u00e9sentation<\/p>\n<p>    Publi\u00e9 le 13\/10\/2025 21:55<\/p>\n<p>      Mis \u00e0 jour le 13\/10\/2025 21:55<\/p>\n<p>        Temps de lecture : 2min &#8211; vid\u00e9o : 2min<\/p>\n<p>    <img decoding=\"async\" class=\"francetv-player-wrapper__image\" alt=\"Budget 2026 : quelles sont les pistes du nouveau gouvernement de S\u00e9bastien Lecornu ?\"  width=\"432\" height=\"243\" src=\"https:\/\/www.europesays.com\/fr\/wp-content\/uploads\/2025\/10\/lecornu-pouvoir-d-achat-68ed58df0d97f110245153.jpg\" fetchpriority=\"high\"\/><\/p>\n<p>              Budget 2026 : quelles sont les pistes du nouveau gouvernement de S\u00e9bastien Lecornu ?<br \/>\n                    (France 2)<\/p>\n<p>      2min<\/p>\n<p>\n  Les mesures du budget 2026 propos\u00e9es par le nouveau gouvernement Lecornu seront pr\u00e9sent\u00e9es demain, mardi 14 octobre. France T\u00e9l\u00e9visions a rencontr\u00e9 le rapporteur de cette nouvelle mouture \u00e0 l&rsquo;Assembl\u00e9e, le d\u00e9put\u00e9 LR des Hauts-de-Seine, Philippe Juvin, et vous d\u00e9voile quelques pistes.\n<\/p>\n<p><strong>Ce texte correspond \u00e0 une partie de la retranscription du reportage ci-dessus. Cliquez sur la vid\u00e9o pour la regarder en int\u00e9gralit\u00e9.<\/strong><\/p>\n<p>Dans le <a href=\"https:\/\/www.franceinfo.fr\/economie\/budget\/les-principales-pistes-du-projet-de-budget-de-sebastien-lecornu_7550227.html\" target=\"_self\" rel=\"noopener noreferrer nofollow\" data-tooltip-url=\"https:\/\/www.franceinfo.fr\/economie\/budget\/les-principales-pistes-du-projet-de-budget-de-sebastien-lecornu_7550227.html\">projet de budget du gouvernement<\/a> pour l&rsquo;ann\u00e9e 2026, il y aura des gagnants et des perdants. Le Premier ministre pourrait d&rsquo;abord s&rsquo;attaquer aux retraites. Un sujet explosif, l&rsquo;une des propositions pour le budget que tient entre ses mains, dans ce dossier, Philippe Juvin, le rapporteur \u00e0 l&rsquo;Assembl\u00e9e nationale du budget. Exceptionnellement, il nous d\u00e9voile plusieurs pistes. La premi\u00e8re : les retraites ne seraient pas augment\u00e9es au niveau de l&rsquo;inflation.\u00a0\u00bbLe gouvernement, je sais, \u00e0 en t\u00eate, \u00e9ventuellement, de dire qu&rsquo;on ne rehausse pas les retraites sauf pour les petites retraites. Pourquoi pas, \u00e7a se regarde. Tout sera dans la d\u00e9finition de petite retraite\u00a0\u00bb, souligne l&rsquo;\u00e9lu des Hauts-de-Seine.<\/p>\n<p>Autre piste, cette fois pour gonfler le pouvoir d&rsquo;achat : augmenter les salaires. Cela pourrait passer par la baisse des cotisations des salari\u00e9s sur les heures suppl\u00e9mentaires. Le retour, pour faire simple, \u00e0 travailler plus pour gagner plus. Dans une brasserie, un serveur effectue au moins trois heures suppl\u00e9mentaires par semaine. Baisser les cotisations pourrait lui rapporter quelques dizaines d&rsquo;euros par mois. \u00ab\u00a0Vous multipliez par le nombre de mois \u00e0 l&rsquo;ann\u00e9e, c&rsquo;est non n\u00e9gligeable. \u00c7a fera remplir deux ou trois caddies. \u00c7a vous fait des pleins d&rsquo;essence\u00a0\u00bb, estime-t-il.<\/p>\n<p>Le gouvernement pourrait en revanche geler le bar\u00e8me de l&rsquo;imp\u00f4t sur le revenu sans suivre l&rsquo;inflation. Concr\u00e8tement, un salari\u00e9 qui a re\u00e7u une augmentation et qui est imposable sera un peu plus ponctionn\u00e9 par l&rsquo;\u00c9tat \u00e0 la fin du mois. En revanche, un geste serait fait pour les faibles revenus. Par exemple, un couple gagnant environ 1 600 euros par personne b\u00e9n\u00e9ficierait d&rsquo;une d\u00e9cote. Leur imp\u00f4t pourrait baisser de pr\u00e8s de 300 euros par an. Pour financer les quelques coups de pouce, les entreprises pourraient \u00eatre remises \u00e0 contribution via des augmentations de charges sur les bas salaires. <\/p>\n<p>Pour ce patron d&rsquo;une entreprise de 1 000 salari\u00e9s, ce serait un coup dur. \u00ab\u00a0Une grosse inqui\u00e9tude, puisque quand on augmente les charges patronales ou m\u00eame les charges sociales en g\u00e9n\u00e9ral, c&rsquo;est une augmentation de notre masse salariale. Et quand on augmente notre masse salariale, c&rsquo;est ce qu&rsquo;on donne en moins en augmentation \u00e0 la fin de l&rsquo;ann\u00e9e. Donc on n&rsquo;a pas des moyens illimit\u00e9s. Donc, plus on augmente les charges de notre entreprise et de notre groupe, moins on augmente nos collaborateurs\u00a0\u00bb, souligne-t-il. <\/p>\n<p>Les mesures propos\u00e9es par le gouvernement seront pr\u00e9sent\u00e9es demain par le Premier ministre.<\/p>\n","protected":false},"excerpt":{"rendered":"lire plus tard Pour sauvegarder cet article, connectez-vous ou cr\u00e9ez un compte franceinfo Sans paiement. Sans abonnement. Fermer&hellip;\n","protected":false},"author":2,"featured_media":461367,"comment_status":"","ping_status":"","sticky":false,"template":"","format":"standard","meta":{"footnotes":""},"categories":[1888],"tags":[1111,1928,11,1927,1777,674,1011,27,12,1926,626,1925,25],"class_list":{"0":"post-461366","1":"post","2":"type-post","3":"status-publish","4":"format-standard","5":"has-post-thumbnail","7":"category-paris","8":"tag-actu","9":"tag-actu-paris","10":"tag-actualites","11":"tag-actualites-paris","12":"tag-eu","13":"tag-europe","14":"tag-fr","15":"tag-france","16":"tag-news","17":"tag-news-paris","18":"tag-paris","19":"tag-paris-news","20":"tag-republique-francaise"},"share_on_mastodon":{"url":"https:\/\/pubeurope.com\/@fr\/115370298222549855","error":""},"_links":{"self":[{"href":"https:\/\/www.europesays.com\/fr\/wp-json\/wp\/v2\/posts\/461366","targetHints":{"allow":["GET"]}}],"collection":[{"href":"https:\/\/www.europesays.com\/fr\/wp-json\/wp\/v2\/posts"}],"about":[{"href":"https:\/\/www.europesays.com\/fr\/wp-json\/wp\/v2\/types\/post"}],"author":[{"embeddable":true,"href":"https:\/\/www.europesays.com\/fr\/wp-json\/wp\/v2\/users\/2"}],"replies":[{"embeddable":true,"href":"https:\/\/www.europesays.com\/fr\/wp-json\/wp\/v2\/comments?post=461366"}],"version-history":[{"count":0,"href":"https:\/\/www.europesays.com\/fr\/wp-json\/wp\/v2\/posts\/461366\/revisions"}],"wp:featuredmedia":[{"embeddable":true,"href":"https:\/\/www.europesays.com\/fr\/wp-json\/wp\/v2\/media\/461367"}],"wp:attachment":[{"href":"https:\/\/www.europesays.com\/fr\/wp-json\/wp\/v2\/media?parent=461366"}],"wp:term":[{"taxonomy":"category","embeddable":true,"href":"https:\/\/www.europesays.com\/fr\/wp-json\/wp\/v2\/categories?post=461366"},{"taxonomy":"post_tag","embeddable":true,"href":"https:\/\/www.europesays.com\/fr\/wp-json\/wp\/v2\/tags?post=461366"}],"curies":[{"name":"wp","href":"https:\/\/api.w.org\/{rel}","templated":true}]}}