{"id":461368,"date":"2025-10-14T03:03:14","date_gmt":"2025-10-14T03:03:14","guid":{"rendered":"https:\/\/www.europesays.com\/fr\/461368\/"},"modified":"2025-10-14T03:03:14","modified_gmt":"2025-10-14T03:03:14","slug":"exclue-de-son-parti-rachida-dati-conserve-linvestiture-lr-pour-les-municipales-a-paris-actualites","status":"publish","type":"post","link":"https:\/\/www.europesays.com\/fr\/461368\/","title":{"rendered":"Exclue de son parti, Rachida Dati conserve l&rsquo;investiture LR pour les municipales \u00e0 Paris : Actualit\u00e9s"},"content":{"rendered":"<p class=\"lead \"><strong>\u00c9vinc\u00e9e des R\u00e9publicains apr\u00e8s l&rsquo;annonce de sa participation au gouvernement, Rachida Dati devrait rester la candidate du parti de droite dans la course \u00e0 la mairie de Paris, selon des informations du Parisien<\/strong>.<\/p>\n<p class=\"lead \">Les surprises se sont encha\u00een\u00e9, dans la soir\u00e9e du dimanche 12 octobre. S\u00e9bastien Lecornu, fra\u00eechement renomm\u00e9 \u00e0 Matignon apr\u00e8s sa d\u00e9mission en d\u00e9but de semaine, annon\u00e7ait son nouveau gouvernement.<\/p>\n<p class=\"lead \">Malgr\u00e9 la dissension entre le Premier ministre et Les R\u00e9publicains (LR), six figures du parti de droite, dont Rachida Dati qui conserve le minist\u00e8re de la Culture, figurent parmi les ministres. Rapidement, le parti a r\u00e9pondu en annon\u00e7ant l&rsquo;exclusion de ces six personnes.<\/p>\n<p class=\"lead \">Pourtant, la maire du VIIe arrondissement devrait conserver l&rsquo;investiture du parti qui vient de la mettre \u00e0 la porte pour les municipales. Celle qui brigue l&rsquo;H\u00f4tel de Ville de Paris conserverait donc le soutien de ses anciens camarades, confirme <a href=\"https:\/\/www.leparisien.fr\/elections\/municipales\/municipales-a-paris-exclue-de-lr-rachida-dati-devrait-conserver-son-investiture-13-10-2025-DQHAKQCIDZEXXON4WV4GDG3KJY.php\" target=\"_blank\" rel=\"nofollow noopener\">Le Parisien<\/a>, lundi 13 octobre.<\/p>\n<p>                                                                                                \u00ab\u00a0Bon courage pour lui retirer l&rsquo;investiture\u00a0\u00bb<\/p>\n<p class=\"lead \">Dans l&rsquo;entourage de Bruno Retailleau, pr\u00e9sident du parti, une source explique au quotidien : \u00ab\u00a0On n\u2019investit pas que des LR aux municipales. (&#8230;) Cette mesure disciplinaire n\u2019a rien \u00e0 voir avec les investitures aux municipales.\u00a0\u00bb \u00c9cart\u00e9e des LR, Rachida Dati resterait tout de m\u00eame la candidate pour la mairie de Paris.<\/p>\n<p class=\"lead \">Un choix quelque peu \u00ab\u00a0contraint\u00a0\u00bb du c\u00f4t\u00e9 des R\u00e9publicains, chez qui on souffle : \u00ab\u00a0A-t-on un autre candidat ?\u00a0\u00bb En tout cas, les options manquent pour faire de l&rsquo;ombre \u00e0 celle qui s&rsquo;est impos\u00e9e comme grande rivale d&rsquo;Anne Hidalgo. \u00ab\u00a0Bon courage pour retirer l\u2019investiture \u00e0 leur candidate \u00e0 Paris\u00a0\u00bb, a r\u00e9sum\u00e9 un Macroniste \u00e0 nos confr\u00e8res.<\/p>\n<p>                                                                                                \u00ab\u00a0Ce zigzag permanent, va fatiguer des \u00e9lecteurs\u00a0\u00bb<\/p>\n<p class=\"lead \">Apr\u00e8s des ann\u00e9es aupr\u00e8s des R\u00e9publicains, Rachida Dati s&rsquo;\u00e9tait rapproch\u00e9e du parti pr\u00e9sidentiel avant de retrouver son parti d&rsquo;origine. \u00ab\u00a0Ce zigzag permanent va fatiguer des \u00e9lecteurs\u00a0\u00bb, analyse un de ses concurrents.<\/p>\n<p class=\"lead \">\u00ab\u00a0On n\u2019y comprend plus rien\u00a0\u00bb, rench\u00e9rit Pierre-Yves Bournazel, candidat Horizons. Chez les soutiens de Rachida Dati, on estime plut\u00f4t qu&rsquo;elle \u00ab\u00a0se moque des dissidents ou chefs \u00e0 plume, du moment que la base des \u00e9lecteurs de droite fait campagne avec elle.\u00a0\u00bb<\/p>\n<p class=\"small font-weight-bold text-gray3 \"> publi\u00e9 le 13 octobre \u00e0 20h20, Shad De Bary, 6M\u00e9dias<\/p>\n<p>                             Partager<\/p>\n","protected":false},"excerpt":{"rendered":"\u00c9vinc\u00e9e des R\u00e9publicains apr\u00e8s l&rsquo;annonce de sa participation au gouvernement, Rachida Dati devrait rester la candidate du parti&hellip;\n","protected":false},"author":2,"featured_media":461369,"comment_status":"","ping_status":"","sticky":false,"template":"","format":"standard","meta":{"footnotes":""},"categories":[1888],"tags":[1111,1928,11,1927,1777,674,1011,27,12,1926,626,1925,25],"class_list":{"0":"post-461368","1":"post","2":"type-post","3":"status-publish","4":"format-standard","5":"has-post-thumbnail","7":"category-paris","8":"tag-actu","9":"tag-actu-paris","10":"tag-actualites","11":"tag-actualites-paris","12":"tag-eu","13":"tag-europe","14":"tag-fr","15":"tag-france","16":"tag-news","17":"tag-news-paris","18":"tag-paris","19":"tag-paris-news","20":"tag-republique-francaise"},"share_on_mastodon":{"url":"https:\/\/pubeurope.com\/@fr\/115370302185150296","error":""},"_links":{"self":[{"href":"https:\/\/www.europesays.com\/fr\/wp-json\/wp\/v2\/posts\/461368","targetHints":{"allow":["GET"]}}],"collection":[{"href":"https:\/\/www.europesays.com\/fr\/wp-json\/wp\/v2\/posts"}],"about":[{"href":"https:\/\/www.europesays.com\/fr\/wp-json\/wp\/v2\/types\/post"}],"author":[{"embeddable":true,"href":"https:\/\/www.europesays.com\/fr\/wp-json\/wp\/v2\/users\/2"}],"replies":[{"embeddable":true,"href":"https:\/\/www.europesays.com\/fr\/wp-json\/wp\/v2\/comments?post=461368"}],"version-history":[{"count":0,"href":"https:\/\/www.europesays.com\/fr\/wp-json\/wp\/v2\/posts\/461368\/revisions"}],"wp:featuredmedia":[{"embeddable":true,"href":"https:\/\/www.europesays.com\/fr\/wp-json\/wp\/v2\/media\/461369"}],"wp:attachment":[{"href":"https:\/\/www.europesays.com\/fr\/wp-json\/wp\/v2\/media?parent=461368"}],"wp:term":[{"taxonomy":"category","embeddable":true,"href":"https:\/\/www.europesays.com\/fr\/wp-json\/wp\/v2\/categories?post=461368"},{"taxonomy":"post_tag","embeddable":true,"href":"https:\/\/www.europesays.com\/fr\/wp-json\/wp\/v2\/tags?post=461368"}],"curies":[{"name":"wp","href":"https:\/\/api.w.org\/{rel}","templated":true}]}}