{"id":461370,"date":"2025-10-14T03:04:15","date_gmt":"2025-10-14T03:04:15","guid":{"rendered":"https:\/\/www.europesays.com\/fr\/461370\/"},"modified":"2025-10-14T03:04:15","modified_gmt":"2025-10-14T03:04:15","slug":"3-nouveaux-presidents-pour-la-foire-fine-arts-paris-et-le-salon-du-dessin","status":"publish","type":"post","link":"https:\/\/www.europesays.com\/fr\/461370\/","title":{"rendered":"3 nouveaux pr\u00e9sidents pour la foire Fine Arts Paris et le Salon du dessin"},"content":{"rendered":"<p>C\u2019est officiel\u00a0: Alors que vient de se cl\u00f4turer l\u2019\u00e9dition 2025 de Fine Arts Paris, Louis de Bayser c\u00e8de la pr\u00e9sidence de la foire \u00e0 Xavier Eeckhout, et celle du Salon du dessin \u00e0 Florence Chibret-Plaussu et Herv\u00e9 Aaron.<\/p>\n<p class=\"field_LQ2154C\">\u00ab\u00a0Apr\u00e8s onze ann\u00e9es de pr\u00e9sidence, je passe sereinement le relai\u00a0\u00bb, confie Louis de Bayser dans un r\u00e9cent communiqu\u00e9. Figure embl\u00e9matique du march\u00e9 de l\u2019art, il quitte la pr\u00e9sidence du salon g\u00e9n\u00e9raliste Fine Arts Paris (anciennement <a href=\"https:\/\/www.connaissancedesarts.com\/marche-art\/fab-paris\/fab-paris-2025-pres-de-100-galeries-dart-et-un-musee-meconnu-devoilent-exceptionnellement-leur-tresors-au-grand-palais-pendant-5-jours-11205385\/\" rel=\"nofollow noopener\" target=\"_blank\">FAB Paris<\/a>), d\u00e9sormais\u00a0 confi\u00e9e \u00e0 Xavier Eeckhout. Il c\u00e8de \u00e9galement sa place \u00e0 la t\u00eate du Salon du dessin \u00e0 Florence Chibret-Plaussu (galerie de la Pr\u00e9sidence) et Herv\u00e9 Aaron (galerie Didier Aaron), qui assureront ensemble la co-pr\u00e9sidence de l\u2019\u00e9v\u00e8nement. Louis de Bayser conserve en revanche la pr\u00e9sidence de l\u2019<a href=\"https:\/\/aec-organisation.com\/\" rel=\"nofollow noopener\" target=\"_blank\"><a href=\"https:\/\/aec-organisation.com\/\" target=\"_blank\" rel=\"noopener nofollow\">Agence d\u2019Ev\u00e9nements Culturels<\/a> qui organise les deux salons (et dont une partie du capital appartient au m\u00eame groupe que \u00ab Connaissance des Arts \u00bb ).<\/p>\n<p class=\"entry-related__title\"><strong>\u00c0 regarder aussi : <\/strong><\/p>\n<p>\t\tOuvrir Fine Arts Paris \u00e0 l\u2019international<\/p>\n<p class=\"field_LQ2154C\">Sp\u00e9cialiste reconnu de la <a href=\"https:\/\/www.connaissancedesarts.com\/arts-expositions\/art-contemporain\/exposition-gratuite-a-paris-il-faut-200-a-300-heures-de-travail-par-sculpture-les-metamorphoses-envoutantes-de-jeanne-vicerial-11202860\/\" rel=\"nofollow noopener\" target=\"_blank\">sculpture<\/a> animali\u00e8re du d\u00e9but du XXe si\u00e8cle, Xavier Eeckhout dirige une galerie parisienne qui met \u00e0 l\u2019honneur les grands noms du genre tels que Fran\u00e7ois Pompon, Rembrandt Bugatti ou Edouard-Marcel Sandoz. Membre du Comit\u00e9 Professionnel des Galeries d\u2019Art (CPGA), du Syndicat fran\u00e7ais des experts professionnels en \u0153uvres d\u2019art et objets de collection (SFEP), ainsi que de la Chambre Royale des Antiquaires de Belgique, il est reconnu comme une figure influente du march\u00e9. \u00c0 la t\u00eate de la Fine Arts Paris, Xavier Eeckhout entend pr\u00e9server les valeurs fondatrices de la <a href=\"https:\/\/www.connaissancedesarts.com\/marche-art\/art-basel-paris\/coup-de-tonnerre-dans-le-marche-de-lart-le-directeur-dart-basel-paris-annonce-son-depart-a-quelques-semaines-de-la-foire-11205325\/\" rel=\"nofollow noopener\" target=\"_blank\">foire<\/a>, le professionnalisme et l\u2019esprit de confraternit\u00e9, tout en accompagnant son ouverture vers l\u2019internationale. Son ambition vise \u00e0 promouvoir le salon comme \u00ab\u00a0l\u2019\u00e9v\u00e8nement incontournable, pour les marchands comme pour les collectionneurs\u00a0\u00bb.<\/p>\n<p><img loading=\"lazy\" width=\"653\" height=\"654\" decoding=\"async\" aria-describedby=\"caption-attachment-206285\" src=\"data:image\/svg+xml,%3Csvg%20xmlns=\" http:=\"\" alt=\"Portrait de Xavier Eeckhout, directeur de la galerie Xavier Eeckhout sp\u00e9cialis\u00e9e dans la sculpture animali\u00e8re et nouveau pr\u00e9sident de la Fine Arts Paris \u00a9 Studio Shapiro\" class=\"size-medium wp-image-206285\" data-lazy-src=\"https:\/\/www.europesays.com\/fr\/wp-content\/uploads\/2025\/10\/xavier_eeckhout_president-fine-arts-paris-_studio_shapiro-1-tt-width-653-height-654-fill-0-crop-0-bg.jpeg\"\/><\/p>\n<p id=\"caption-attachment-206285\" class=\"wp-caption-text\">Portrait de Xavier Eeckhout, directeur de la galerie Xavier Eeckhout sp\u00e9cialis\u00e9e dans la sculpture animali\u00e8re et nouveau pr\u00e9sident de la Fine Arts Paris \u00a9 Studio Shapiro<\/p>\n<p>Un duo \u00e0 la t\u00eate du Salon du dessin<\/p>\n<p class=\"field_LQ2154C\">Directrice de la Galerie de la Pr\u00e9sidence sp\u00e9cialis\u00e9e en art moderne, Florence Chibret-Plaussu y a organis\u00e9 des expositions de r\u00e9f\u00e9rence, consacr\u00e9es notamment \u00e0<a href=\"https:\/\/www.connaissancedesarts.com\/arts-expositions\/impressionnisme\/eugene-boudin-7-chefs-doeuvre-du-pere-de-limpressionnisme-11204923\/\" rel=\"nofollow noopener\" target=\"_blank\"> Eug\u00e8ne Boudin<\/a>, Henri-Edmond Cross, Albert Marquet ou encore Paul Signac, de nouveau mis \u00e0 l\u2019honneur \u00e0 partir du 7 novembre dans l\u2019exposition \u00ab Signac, du noir \u00e0 la couleur \u00bb. Sous son impulsion, la galerie a \u00e9galement renforc\u00e9 sa visibilit\u00e9 en participant \u00e0 de nombreuses foires d\u2019art en Europe et \u00e0 l\u2019\u00e9tranger. \u00c0 la co-pr\u00e9sidence du Salon du dessin, Florence Chibret-Plaussu souhaite conjuguer continuit\u00e9 et ouverture, en soutenant \u00ab l\u2019\u00e9mergence de jeunes marchands aux c\u00f4t\u00e9s de <a href=\"https:\/\/www.connaissancedesarts.com\/marche-art\/galeries\/nous-vivons-un-changement-dere-pourquoi-les-galeries-dart-en-france-vont-elles-mal-11205230\/\" rel=\"nofollow noopener\" target=\"_blank\">galeries<\/a> internationales renomm\u00e9es \u00bb. Pour la nouvelle pr\u00e9sidente, l\u2019esprit du Salon r\u00e9side avant tout dans la qualit\u00e9 des \u0153uvres pr\u00e9sent\u00e9es, la convivialit\u00e9 et la diversit\u00e9 qui font depuis toujours son identit\u00e9.<\/p>\n<p><img loading=\"lazy\" width=\"653\" height=\"981\" decoding=\"async\" aria-describedby=\"caption-attachment-206286\" src=\"data:image\/svg+xml,%3Csvg%20xmlns=\" http:=\"\" alt=\"Portrait de Florence Chibret-Plaussu, directrice de la galerie de La Pr\u00e9sidence et co-pr\u00e9sidente du Salon du Dessin \u00a9 Courtesy Agence d\u2019Ev\u00e9nements Culturels\" class=\"size-medium wp-image-206286\" data-lazy-src=\"https:\/\/www.europesays.com\/fr\/wp-content\/uploads\/2025\/10\/florence-chibret-plaussu-co-presidente-du-salon-du-dessin-1-tt-width-653-height-981-fill-0-crop-0-bg.jpeg\"\/><\/p>\n<p id=\"caption-attachment-206286\" class=\"wp-caption-text\">Portrait de Florence Chibret-Plaussu, directrice de la galerie de La Pr\u00e9sidence et co-pr\u00e9sidente du Salon du dessin \u00a9 Courtesy Agence d\u2019Ev\u00e9nements Culturels<\/p>\n<p class=\"field_LQ2154C\"><a href=\"https:\/\/www.connaissancedesarts.com\/marche-art\/salons-foires\/foire-de-chatou-2025-plus-300-antiquaires-et-brocanteurs-deballent-leurs-tresors-sur-lile-des-impressionnistes-11199726\/\" rel=\"nofollow noopener\" target=\"_blank\">Antiquaire<\/a> d\u2019envergure internationale, qui partage son activit\u00e9 entre New York, Londres et Paris, Herv\u00e9 Aaron est un d\u00e9fenseur des arts classiques. Cr\u00e9ateur du Comit\u00e9 Colbert aux \u00c9tats-Unis, membre de la National Antique and Art Dealers Association puis du Business committee du Metropolitan Museum of art de New-York, il est aussi un membre actif de la vie culturelle. Il a pr\u00e9sid\u00e9 le Syndicat national des antiquaires de 2008 \u00e0 2010, a particip\u00e9 \u00e0 toutes les \u00e9ditions du Salon du dessin depuis 1991 et en a \u00e9t\u00e9 le pr\u00e9sident pendant 16 ans. En duo avec Florence Chibret-Plaussu, il veut poursuivre la dynamique de l\u2019\u00e9v\u00e9nement et \u00ab consolider le Salon et son socle de galeries de <a href=\"https:\/\/www.connaissancedesarts.com\/marche-art\/galeries\/une-exposition-gratuite-a-paris-devoile-pour-la-premiere-fois-les-dessins-rythmes-de-keziah-jones-11197820\/\" rel=\"nofollow noopener\" target=\"_blank\">dessins<\/a> anciens\u00a0\u00bb.<\/p>\n<p>Le Salon du dessin 2025 racont\u00e9 par ses marchands :  la Galerie Didier Aaron &amp; Cie<\/p>\n<p>Les prochains rendez-vous d\u00e9j\u00e0 annonc\u00e9s<\/p>\n<p class=\"field_LQ2154C\">Le Salon du ddessin reviendra du 24 au 30 mars 2026 dans l\u2019\u00e9crin du <a href=\"https:\/\/www.connaissancedesarts.com\/marche-art\/salon-dessin\/paris-au-palais-brongniart-39-galeries-dart-vont-bientot-reveler-leurs-chefs-doeuvre-11198297\/\" rel=\"nofollow noopener\" target=\"_blank\">Palais Brongniart<\/a>. Pour cette 34e \u00e9dition, il mettra en avant une s\u00e9lection de dessins des collections du MuMa du Havre. Quant \u00e0 Fine Arts Paris, qui s\u2019est install\u00e9 durablement sous la verri\u00e8re du <a href=\"https:\/\/www.connaissancedesarts.com\/metiers_art\/mode\/paris-une-exposition-au-grand-palais-revele-lunivers-transgressif-du-createur-de-mode-virgil-abloh-11206094\/\" rel=\"nofollow noopener\" target=\"_blank\">Grand Palais<\/a>, sa prochaine \u00e9dition se tiendra du 19 au 23 septembre 2026, avec le mus\u00e9e du Grand Si\u00e8cle comme invit\u00e9 d\u2019honneur.<\/p>\n<p><img loading=\"lazy\" width=\"653\" height=\"980\" decoding=\"async\" aria-describedby=\"caption-attachment-206289\" src=\"data:image\/svg+xml,%3Csvg%20xmlns=\" http:=\"\" alt=\"Le Salon du Dessin reviendra du 24 au 30 mars 2026 au Palais Brongniart et la Fine Arts Paris du 19 au 23 septembre 2026 au Grand Palais \u00a9 Courtesy Agence d\u2019Ev\u00e9nements Culturels\" class=\"size-medium wp-image-206289\" data-lazy-src=\"https:\/\/www.europesays.com\/fr\/wp-content\/uploads\/2025\/10\/salon-du-dessin-2025-03-25__r6_4713-1-1-tt-width-653-height-980-fill-0-crop-0-bgcolor-eeeeee.jpg\"\/><\/p>\n<p id=\"caption-attachment-206289\" class=\"wp-caption-text\">Le Salon du dessin reviendra du 24 au 30 mars 2026 au Palais Brongniart et la Fine Arts Paris du 19 au 23 septembre 2026 au Grand Palais \u00a9 Courtesy Agence d\u2019Ev\u00e9nements Culturels<\/p>\n<p>\u00a0<\/p>\n","protected":false},"excerpt":{"rendered":"C\u2019est officiel\u00a0: Alors que vient de se cl\u00f4turer l\u2019\u00e9dition 2025 de Fine Arts Paris, Louis de Bayser c\u00e8de&hellip;\n","protected":false},"author":2,"featured_media":461371,"comment_status":"","ping_status":"","sticky":false,"template":"","format":"standard","meta":{"footnotes":""},"categories":[1888],"tags":[11,1777,674,1011,27,12,626,25],"class_list":{"0":"post-461370","1":"post","2":"type-post","3":"status-publish","4":"format-standard","5":"has-post-thumbnail","7":"category-paris","8":"tag-actualites","9":"tag-eu","10":"tag-europe","11":"tag-fr","12":"tag-france","13":"tag-news","14":"tag-paris","15":"tag-republique-francaise"},"share_on_mastodon":{"url":"https:\/\/pubeurope.com\/@fr\/115370306054431858","error":""},"_links":{"self":[{"href":"https:\/\/www.europesays.com\/fr\/wp-json\/wp\/v2\/posts\/461370","targetHints":{"allow":["GET"]}}],"collection":[{"href":"https:\/\/www.europesays.com\/fr\/wp-json\/wp\/v2\/posts"}],"about":[{"href":"https:\/\/www.europesays.com\/fr\/wp-json\/wp\/v2\/types\/post"}],"author":[{"embeddable":true,"href":"https:\/\/www.europesays.com\/fr\/wp-json\/wp\/v2\/users\/2"}],"replies":[{"embeddable":true,"href":"https:\/\/www.europesays.com\/fr\/wp-json\/wp\/v2\/comments?post=461370"}],"version-history":[{"count":0,"href":"https:\/\/www.europesays.com\/fr\/wp-json\/wp\/v2\/posts\/461370\/revisions"}],"wp:featuredmedia":[{"embeddable":true,"href":"https:\/\/www.europesays.com\/fr\/wp-json\/wp\/v2\/media\/461371"}],"wp:attachment":[{"href":"https:\/\/www.europesays.com\/fr\/wp-json\/wp\/v2\/media?parent=461370"}],"wp:term":[{"taxonomy":"category","embeddable":true,"href":"https:\/\/www.europesays.com\/fr\/wp-json\/wp\/v2\/categories?post=461370"},{"taxonomy":"post_tag","embeddable":true,"href":"https:\/\/www.europesays.com\/fr\/wp-json\/wp\/v2\/tags?post=461370"}],"curies":[{"name":"wp","href":"https:\/\/api.w.org\/{rel}","templated":true}]}}