{"id":461374,"date":"2025-10-14T03:06:13","date_gmt":"2025-10-14T03:06:13","guid":{"rendered":"https:\/\/www.europesays.com\/fr\/461374\/"},"modified":"2025-10-14T03:06:13","modified_gmt":"2025-10-14T03:06:13","slug":"et-si-ladhesion-de-lukraine-a-lotan-netait-plus-un-motif-dinquietude-pour-moscou","status":"publish","type":"post","link":"https:\/\/www.europesays.com\/fr\/461374\/","title":{"rendered":"Et si l\u2019adh\u00e9sion de l\u2019Ukraine \u00e0 l\u2019Otan n\u2019\u00e9tait plus un motif d\u2019inqui\u00e9tude pour Moscou ?"},"content":{"rendered":"\n<p>Une semaine apr\u00e8s le d\u00e9but de l\u2019\u201cop\u00e9ration militaire sp\u00e9ciale\u201d [nom donn\u00e9 par le Kremlin \u00e0 la guerre contre l\u2019Ukraine], j\u2019\u00e9crivais que l\u2019une des solutions au conflit, solution potentiellement acceptable pour Moscou, serait <a href=\"https:\/\/www.courrierinternational.com\/sujet\/adhesion-de-l-ukraine-a-l-union-europeenne\" rel=\"nofollow noopener\" target=\"_blank\">l\u2019adh\u00e9sion de l\u2019Ukraine \u00e0 l\u2019Union europ\u00e9enne<\/a> (UE). Au printemps 2022, lors des <a href=\"https:\/\/www.courrierinternational.com\/article\/analyse-les-negociations-de-paix-avortees-en-2022-une-occasion-manquee-pour-l-ukraine\" rel=\"nofollow noopener\" target=\"_blank\">pourparlers d\u2019Istanbul<\/a>, l\u2019acceptation par la F\u00e9d\u00e9ration de Russie d\u2019une int\u00e9gration \u00e9conomique de Kiev \u00e0 l\u2019UE aurait constitu\u00e9 un compromis entre les aspirations europ\u00e9ennes de l\u2019Ukraine et la position de principe de Moscou sur le caract\u00e8re indispensable du statut neutre, \u201chors blocs\u201d, de son voisin.<\/p>\n<p>\u00c0 ce moment-l\u00e0, il m\u2019a sembl\u00e9 \u2013 \u00e0 moi et \u00e0 beaucoup d\u2019autres \u2013 que ce serait une solution acceptable pour sortir de la phase enflamm\u00e9e du conflit.<\/p>\n<p>Trois ans et demi plus tard, cette guerre de position est loin d\u2019\u00eatre termin\u00e9e pour la Russie et l\u2019Ukraine, et Moscou a reconnu au plus haut niveau que l\u2019adh\u00e9sion de l\u2019Ukraine \u00e0 l\u2019UE serait acceptable sous certaines conditions, insistant toutefois sur le statut de neutralit\u00e9 de Kiev [Moscou exigeant depuis 2014 que l\u2019Ukraine ne rejoigne ni l\u2019Otan ni aucune autre alliance militaire]. Cela \u00e9tant, il faut souligner que le compromis th\u00e9oriquement possible \u00e0 l\u2019automne 2025\u00a0n\u2019est bien s\u00fbr pas du tout le m\u00eame que celui qui \u00e9tait th\u00e9oriquement possib<\/p>\n<p>  Offres sp\u00e9ciales  Pour lire la suite de cet article, abonnez-vous <\/p>\n<p class=\"paywall-text\"><strong>Abonnez-vous et\u00a0acc\u00e9dez \u00e0\u00a0:<\/strong><br \/>l\u2019hebdo, tous les contenus, l\u2019application, <br \/>le\u00a0R\u00e9veil Courrier, les newsletters abonn\u00e9s. <\/p>\n<p class=\"price\"><strong>3,99\u00a0\u20ac<\/strong>\/mois<\/p>\n<p> Sans engagement \u2022 R\u00e9siliable \u00e0\u00a0tout moment                <\/p>\n<p class=\"article-authors\">                         <a href=\"https:\/\/www.courrierinternational.com\/auteur\/alexandre-kolbin\" rel=\"nofollow noopener\" target=\"_blank\">Alexandre Kolbin<\/a>    <\/p>\n<p class=\"article-vo\"><a href=\"https:\/\/globalaffairs.ru\/articles\/ukraina-v-nato-kolbin\/\" rel=\"noopener nofollow\" target=\"_blank\">Lire l\u2019article original<\/a><\/p>\n<p>Source de l\u2019article<\/p>\n<p>   <img decoding=\"async\" class=\"source-logo\" src=\"https:\/\/www.europesays.com\/fr\/wp-content\/uploads\/2025\/10\/ba61287_1643653517364-1237-rossia-v-globalnoi-politike.jpg\"  alt=\"Logo\" loading=\"lazy\" width=\"32\" height=\"32\"\/>  Rossia v Globalno\u00ef Politik\u00e9  (Moscou)       <\/p>\n<p>Cr\u00e9\u00e9e en novembre 2002 et con\u00e7ue comme le double du prestigieux <a href=\"https:\/\/www.courrierinternational.com\/notule-source\/foreign-affairs\" rel=\"nofollow noopener\" target=\"_blank\">Foreign Affairs<\/a> am\u00e9ricain, \u201cLa Russie dans la politique globale\u201d comble l\u2019absence de revue russophone reconnue \u00e0 l\u2019\u00e9tranger en mati\u00e8re de relations internationales. La revue est dirig\u00e9e par le journaliste et analyste politique influent Fiodor Loukianov. Cofond\u00e9e par le Conseil de la politique de d\u00e9fense et de s\u00e9curit\u00e9 russe et le quotidien <a href=\"https:\/\/www.courrierinternational.com\/notule-source\/izvestia\" rel=\"nofollow noopener\" target=\"_blank\"><strong>Izvestia<\/strong><\/a>, elle d\u00e9fend les int\u00e9r\u00eats g\u00e9opolitiques de la Russie dans le monde. Elle existe aussi en versions anglaise, tch\u00e8que et polonaise.<\/p>\n<p>      <a href=\"https:\/\/www.courrierinternational.com\/notule-source\/rossia-v-globalnoi-politike\" class=\"source-link\" rel=\"nofollow noopener\" target=\"_blank\">Lire la suite<\/a>                 <\/p>\n<p>Nos services<\/p>\n","protected":false},"excerpt":{"rendered":"Une semaine apr\u00e8s le d\u00e9but de l\u2019\u201cop\u00e9ration militaire sp\u00e9ciale\u201d [nom donn\u00e9 par le Kremlin \u00e0 la guerre contre&hellip;\n","protected":false},"author":2,"featured_media":461375,"comment_status":"","ping_status":"","sticky":false,"template":"","format":"standard","meta":{"footnotes":""},"categories":[1591],"tags":[11,674,1887,1892,131,12,136,1885,1886,132,220],"class_list":{"0":"post-461374","1":"post","2":"type-post","3":"status-publish","4":"format-standard","5":"has-post-thumbnail","7":"category-russie","8":"tag-actualites","9":"tag-europe","10":"tag-federation-de-russie","11":"tag-gu00e9opolitique","12":"tag-guerre-en-ukraine","13":"tag-news","14":"tag-otan","15":"tag-russia","16":"tag-russian-federation","17":"tag-russie","18":"tag-ukraine"},"share_on_mastodon":{"url":"https:\/\/pubeurope.com\/@fr\/115370314445156651","error":""},"_links":{"self":[{"href":"https:\/\/www.europesays.com\/fr\/wp-json\/wp\/v2\/posts\/461374","targetHints":{"allow":["GET"]}}],"collection":[{"href":"https:\/\/www.europesays.com\/fr\/wp-json\/wp\/v2\/posts"}],"about":[{"href":"https:\/\/www.europesays.com\/fr\/wp-json\/wp\/v2\/types\/post"}],"author":[{"embeddable":true,"href":"https:\/\/www.europesays.com\/fr\/wp-json\/wp\/v2\/users\/2"}],"replies":[{"embeddable":true,"href":"https:\/\/www.europesays.com\/fr\/wp-json\/wp\/v2\/comments?post=461374"}],"version-history":[{"count":0,"href":"https:\/\/www.europesays.com\/fr\/wp-json\/wp\/v2\/posts\/461374\/revisions"}],"wp:featuredmedia":[{"embeddable":true,"href":"https:\/\/www.europesays.com\/fr\/wp-json\/wp\/v2\/media\/461375"}],"wp:attachment":[{"href":"https:\/\/www.europesays.com\/fr\/wp-json\/wp\/v2\/media?parent=461374"}],"wp:term":[{"taxonomy":"category","embeddable":true,"href":"https:\/\/www.europesays.com\/fr\/wp-json\/wp\/v2\/categories?post=461374"},{"taxonomy":"post_tag","embeddable":true,"href":"https:\/\/www.europesays.com\/fr\/wp-json\/wp\/v2\/tags?post=461374"}],"curies":[{"name":"wp","href":"https:\/\/api.w.org\/{rel}","templated":true}]}}