{"id":461377,"date":"2025-10-14T03:08:11","date_gmt":"2025-10-14T03:08:11","guid":{"rendered":"https:\/\/www.europesays.com\/fr\/461377\/"},"modified":"2025-10-14T03:08:11","modified_gmt":"2025-10-14T03:08:11","slug":"trump-menace-moscou-denvoi-de-tomahawks-a-kiev","status":"publish","type":"post","link":"https:\/\/www.europesays.com\/fr\/461377\/","title":{"rendered":"Trump menace Moscou d&rsquo;envoi de Tomahawks \u00e0 Kiev"},"content":{"rendered":"<p>\u00abJe pourrais dire : \u00c9coutez, si ce conflit n&rsquo;est pas r\u00e9gl\u00e9, je vais leur envoyer des Tomahawks\u00bb, a d\u00e9clar\u00e9 le pr\u00e9sident am\u00e9ricain aux journalistes \u00e0 bord d&rsquo;Air Force One alors qu&rsquo;il se rendait en Isra\u00ebl. \u00abLe Tomahawk est une arme incroyable, une arme tr\u00e8s offensive. Et honn\u00eatement, la Russie n&rsquo;en a pas besoin\u00bb. <\/p>\n<p>Trump a \u00e9galement d\u00e9clar\u00e9 : \u00abJe pourrais leur dire que si la guerre n&rsquo;est pas r\u00e9gl\u00e9e, nous pourrions tr\u00e8s bien le faire\u00bb. Il a ajout\u00e9 : \u00abNous ne le ferons peut-\u00eatre pas, mais nous pourrions le faire. Je pense qu&rsquo;il est appropri\u00e9 d&rsquo;en parler\u00bb. <\/p>\n<p>Selon Trump, le pr\u00e9sident russe \u00abmettra fin\u00bb \u00e0 l&rsquo;invasion russe en Ukraine, sinon cela aura des cons\u00e9quences n\u00e9gatives pour lui. \u00abJe pense que Poutine ferait bonne figure s&rsquo;il mettait fin \u00e0 tout cela. Je pense qu&rsquo;il le fera. Sinon, cela ne sera pas bon pour lui\u00bb, a ajout\u00e9 le pr\u00e9sident am\u00e9ricain. <\/p>\n<p>Trump a r\u00e9affirm\u00e9 que la guerre, qui dure depuis plus de trois ans, est une guerre qui \u00abn&rsquo;aurait pas d\u00fb avoir lieu\u00bb. <\/p>\n<p>\u00abIl faut rendre hommage aux Ukrainiens : ils tiennent bon, ils se battent tr\u00e8s bien\u00bb, a d\u00e9clar\u00e9 Trump. <\/p>\n<p>Ses commentaires ont \u00e9t\u00e9 formul\u00e9s apr\u00e8s que Trump s&rsquo;est deux fois entretenu avec le pr\u00e9sident ukrainien Volodymyr Zelensky pendant le week-end, et le locataire de la Maison-Blanche a d\u00e9clar\u00e9 avoir \u00e9voqu\u00e9 la possibilit\u00e9 d&rsquo;envoyer des Tomahawks au cours de cette conversation. <\/p>\n<p>Ses suggestions font suite \u00e0 de nombreuses attaques men\u00e9e par la Russie ces derniers jours contre le r\u00e9seau \u00e9lectrique ukrainien, pendant la nuit, dans le cadre d&rsquo;une campagne visant \u00e0 paralyser les infrastructures \u00e9nerg\u00e9tiques ukrainiennes avant l&rsquo;hiver.<\/p>\n","protected":false},"excerpt":{"rendered":"\u00abJe pourrais dire : \u00c9coutez, si ce conflit n&rsquo;est pas r\u00e9gl\u00e9, je vais leur envoyer des Tomahawks\u00bb, a&hellip;\n","protected":false},"author":2,"featured_media":461378,"comment_status":"","ping_status":"","sticky":false,"template":"","format":"standard","meta":{"footnotes":""},"categories":[1589],"tags":[11,5024,5025,5026,258,5028,1659,5029,5027,251,33,2518,73,1866,1283,1757,1393,985,12,316,104,517,5030,1864,1865,1863,308],"class_list":{"0":"post-461377","1":"post","2":"type-post","3":"status-publish","4":"format-standard","5":"has-post-thumbnail","7":"category-etats-unis","8":"tag-actualites","9":"tag-actualites-et-infos-au-maroc","10":"tag-actualites-et-infos-mondiale","11":"tag-actualites-marocaines-du-jour","12":"tag-alimentation","13":"tag-analyses","14":"tag-art-de-vivre","15":"tag-chronique","16":"tag-consommation-et-bien-etre","17":"tag-culture","18":"tag-economie","19":"tag-edito","20":"tag-etats-unis","21":"tag-etats-unis-damerique","22":"tag-etudes","23":"tag-insolite","24":"tag-loisirs","25":"tag-mode","26":"tag-news","27":"tag-politique","28":"tag-societe","29":"tag-sport","30":"tag-tribune","31":"tag-united-states","32":"tag-united-states-of-america","33":"tag-us","34":"tag-usa"},"share_on_mastodon":{"url":"https:\/\/pubeurope.com\/@fr\/115370321766745524","error":""},"_links":{"self":[{"href":"https:\/\/www.europesays.com\/fr\/wp-json\/wp\/v2\/posts\/461377","targetHints":{"allow":["GET"]}}],"collection":[{"href":"https:\/\/www.europesays.com\/fr\/wp-json\/wp\/v2\/posts"}],"about":[{"href":"https:\/\/www.europesays.com\/fr\/wp-json\/wp\/v2\/types\/post"}],"author":[{"embeddable":true,"href":"https:\/\/www.europesays.com\/fr\/wp-json\/wp\/v2\/users\/2"}],"replies":[{"embeddable":true,"href":"https:\/\/www.europesays.com\/fr\/wp-json\/wp\/v2\/comments?post=461377"}],"version-history":[{"count":0,"href":"https:\/\/www.europesays.com\/fr\/wp-json\/wp\/v2\/posts\/461377\/revisions"}],"wp:featuredmedia":[{"embeddable":true,"href":"https:\/\/www.europesays.com\/fr\/wp-json\/wp\/v2\/media\/461378"}],"wp:attachment":[{"href":"https:\/\/www.europesays.com\/fr\/wp-json\/wp\/v2\/media?parent=461377"}],"wp:term":[{"taxonomy":"category","embeddable":true,"href":"https:\/\/www.europesays.com\/fr\/wp-json\/wp\/v2\/categories?post=461377"},{"taxonomy":"post_tag","embeddable":true,"href":"https:\/\/www.europesays.com\/fr\/wp-json\/wp\/v2\/tags?post=461377"}],"curies":[{"name":"wp","href":"https:\/\/api.w.org\/{rel}","templated":true}]}}