{"id":461381,"date":"2025-10-14T03:10:10","date_gmt":"2025-10-14T03:10:10","guid":{"rendered":"https:\/\/www.europesays.com\/fr\/461381\/"},"modified":"2025-10-14T03:10:10","modified_gmt":"2025-10-14T03:10:10","slug":"en-allemagne-aussi-elle-a-explose","status":"publish","type":"post","link":"https:\/\/www.europesays.com\/fr\/461381\/","title":{"rendered":"en Allemagne aussi, elle a explos\u00e9 !"},"content":{"rendered":"<p style=\"text-align: justify;\">En Allemagne, les actes hostiles aux chr\u00e9tiens connaissent une hausse notable. Selon le dernier rapport de l\u2019Office f\u00e9d\u00e9ral de la police criminelle (Bundeskriminalamt), 337 actes antichr\u00e9tiens \u00e0 motivation politique ont \u00e9t\u00e9 recens\u00e9s en 2024, contre 277 en 2023, soit une hausse de 21,6 %. Les infractions visant directement les \u00e9glises sont elles aussi en augmentation, 111 contre 92 l\u2019ann\u00e9e pr\u00e9c\u00e9dente, rapportait le journal Le Figaro le 10 octobre. Ces chiffres ne tiennent compte que des faits pour lesquels une motivation politique a \u00e9t\u00e9 identifi\u00e9e.<\/p>\n<p style=\"text-align: justify;\">\u00c0 Gronau, en Rh\u00e9nanie-du-Nord\u2013Westphalie, la paroisse Saint-Antonius a d\u00fb fermer ses portes en semaine apr\u00e8s une s\u00e9rie d\u2019actes de vandalisme et d\u2019insultes prof\u00e9r\u00e9es contre les fid\u00e8les. \u00ab C\u2019est avec le c\u0153ur lourd que nous avons d\u00e9cid\u00e9 de fermer l\u2019\u00e9glise jusqu\u2019\u00e0 nouvel ordre \u00bb, annon\u00e7ait la paroisse sur son site.<\/p>\n<p style=\"text-align: justify;\">La conf\u00e9rence \u00e9piscopale allemande a elle aussi exprim\u00e9 sa pr\u00e9occupation face \u00e0 \u00ab une aggravation de la nature \u00bb des d\u00e9gradations et une \u00ab hostilit\u00e9 ouverte contre le christianisme \u00bb. Ces attaques doivent, selon son porte-parole Matthias Kopp, \u00eatre consid\u00e9r\u00e9es \u00ab comme une atteinte aux convictions religieuses et une perturbation de la pratique religieuse \u00bb.<\/p>\n<p><strong>Vandalisme aggrav\u00e9 et sous-estimation des faits<\/strong><\/p>\n<p style=\"text-align: justify;\">L\u2019Observatoire de l\u2019intol\u00e9rance et de la discrimination contre les chr\u00e9tiens en Europe (OIDAC Europe), bas\u00e9 \u00e0 Vienne, estime que les chiffres officiels sous-\u00e9valuent fortement la r\u00e9alit\u00e9. Sa directrice Anja Hoffmann \u00e9voque \u00ab au moins 2 000 cas de dommages mat\u00e9riels caus\u00e9s \u00e0 des lieux de culte chr\u00e9tiens en 2023 \u00bb et d\u00e9plore que \u00ab de nombreux actes clairement antichr\u00e9tiens ne soient pas retenus dans les chiffres officiels \u00bb. Elle d\u00e9crit \u00ab des bibles br\u00fbl\u00e9es, des t\u00eates de statues coup\u00e9es, des confessionnaux d\u00e9truits \u00bb.<\/p>\n<p style=\"text-align: justify;\">La Conf\u00e9rence \u00e9piscopale allemande, cit\u00e9e par le journal allemand Junge Freiheit le 22 ao\u00fbt dernier, dresse le m\u00eame constat : \u00ab Des statues du Christ et de saints d\u00e9capit\u00e9es, des m\u00e9gots de cigarettes et autres d\u00e9chets devant les images de d\u00e9votion, des retables et des autels d\u00e9truits par des incendies criminels. \u00bb Les \u00e9v\u00eaques d\u00e9noncent un recensement insuffisant et appellent les autorit\u00e9s \u00e0 mieux qualifier ces actes pour qu\u2019ils ne soient plus r\u00e9duits \u00e0 de simples \u00ab d\u00e9g\u00e2ts mat\u00e9riels \u00bb.<\/p>\n<p><strong>Une christianophobie banalis\u00e9e en France<\/strong><\/p>\n<p style=\"text-align: justify;\">La France n\u2019est pas \u00e9pargn\u00e9e. Entre janvier et juin 2025, 401 <a href=\"https:\/\/www.breizh-info.com\/2025\/09\/29\/251826\/christianophobie-actes-hausse-senateurs\/\" target=\"_blank\" rel=\"noopener\">faits antichr\u00e9tiens<\/a> ont \u00e9t\u00e9 recens\u00e9s par le renseignement territorial, contre 354 sur la m\u00eame p\u00e9riode en 2024 (+13 %). Le ministre de l\u2019Int\u00e9rieur Bruno Retailleau avait demand\u00e9 aux pr\u00e9fets d\u2019assurer la \u00ab protection des lieux de culte chr\u00e9tiens \u00bb face \u00e0 un contexte d\u2019\u00ab augmentation \u00bb et au \u00ab niveau \u00e9lev\u00e9 de la menace terroriste \u00bb.<\/p>\n<p style=\"text-align: justify;\">Selon l\u2019Observatoire du patrimoine religieux, 31 \u00e9glises ont \u00e9t\u00e9 d\u00e9truites par le feu en 2024, auxquelles s\u2019ajoutent 20 tentatives d\u2019incendie. Face \u00e0 cette spirale, 86 s\u00e9nateurs, men\u00e9s par Sylviane No\u00ebl (LR), ont sign\u00e9 cet automne une tribune d\u00e9non\u00e7ant la \u00ab recrudescence des atteintes aux fid\u00e8les et aux \u00e9difices \u00bb et une \u00ab indignation \u00e0 g\u00e9om\u00e9trie variable \u00bb. Ils rappellent que \u00ab lorsqu\u2019un croyant est bless\u00e9, c\u2019est l\u2019ensemble de la communaut\u00e9 nationale qui est atteinte \u00bb.<\/p>\n<p style=\"text-align: justify;\">Des deux c\u00f4t\u00e9s du Rhin, le constat converge : les atteintes au christianisme se multiplient tandis que la vigilance publique d\u00e9cline. Pour beaucoup, cette indiff\u00e9rence face \u00e0 la profanation du sacr\u00e9 traduit un mal plus profond : la d\u00e9sacralisation acc\u00e9l\u00e9r\u00e9e d\u2019une Europe en perte de rep\u00e8res.<\/p>\n<p style=\"text-align: justify;\">Cr\u00e9dit photo : capture YouTube (photo d\u2019illustration)<br \/>[cc] Article relu et corrig\u00e9 par ChatGPT. Breizh-info.com, 2025, d\u00e9p\u00eaches libres de copie et de diffusion sous r\u00e9serve de mention et de lien vers la source d\u2019origine<\/p>\n","protected":false},"excerpt":{"rendered":"En Allemagne, les actes hostiles aux chr\u00e9tiens connaissent une hausse notable. Selon le dernier rapport de l\u2019Office f\u00e9d\u00e9ral&hellip;\n","protected":false},"author":2,"featured_media":461382,"comment_status":"","ping_status":"","sticky":false,"template":"","format":"standard","meta":{"footnotes":""},"categories":[1587],"tags":[58599,11,672,1804,58600,1805,1803,11998,1777,674,1801,12,1802],"class_list":{"0":"post-461381","1":"post","2":"type-post","3":"status-publish","4":"format-standard","5":"has-post-thumbnail","7":"category-allemagne","8":"tag-actes-anti-chretiens","9":"tag-actualites","10":"tag-allemagne","11":"tag-bundesrepublik-deutschland","12":"tag-christianophobie","13":"tag-de","14":"tag-deutschland","15":"tag-eglises","16":"tag-eu","17":"tag-europe","18":"tag-germany","19":"tag-news","20":"tag-republique-federale-dallemagne"},"share_on_mastodon":{"url":"https:\/\/pubeurope.com\/@fr\/115370329615831470","error":""},"_links":{"self":[{"href":"https:\/\/www.europesays.com\/fr\/wp-json\/wp\/v2\/posts\/461381","targetHints":{"allow":["GET"]}}],"collection":[{"href":"https:\/\/www.europesays.com\/fr\/wp-json\/wp\/v2\/posts"}],"about":[{"href":"https:\/\/www.europesays.com\/fr\/wp-json\/wp\/v2\/types\/post"}],"author":[{"embeddable":true,"href":"https:\/\/www.europesays.com\/fr\/wp-json\/wp\/v2\/users\/2"}],"replies":[{"embeddable":true,"href":"https:\/\/www.europesays.com\/fr\/wp-json\/wp\/v2\/comments?post=461381"}],"version-history":[{"count":0,"href":"https:\/\/www.europesays.com\/fr\/wp-json\/wp\/v2\/posts\/461381\/revisions"}],"wp:featuredmedia":[{"embeddable":true,"href":"https:\/\/www.europesays.com\/fr\/wp-json\/wp\/v2\/media\/461382"}],"wp:attachment":[{"href":"https:\/\/www.europesays.com\/fr\/wp-json\/wp\/v2\/media?parent=461381"}],"wp:term":[{"taxonomy":"category","embeddable":true,"href":"https:\/\/www.europesays.com\/fr\/wp-json\/wp\/v2\/categories?post=461381"},{"taxonomy":"post_tag","embeddable":true,"href":"https:\/\/www.europesays.com\/fr\/wp-json\/wp\/v2\/tags?post=461381"}],"curies":[{"name":"wp","href":"https:\/\/api.w.org\/{rel}","templated":true}]}}