{"id":46139,"date":"2025-04-23T08:47:11","date_gmt":"2025-04-23T08:47:11","guid":{"rendered":"https:\/\/www.europesays.com\/fr\/46139\/"},"modified":"2025-04-23T08:47:11","modified_gmt":"2025-04-23T08:47:11","slug":"lue-ne-se-separera-pas-de-la-chine-comme-condition-a-la-conclusion-dun-accord-commercial-avec-trump","status":"publish","type":"post","link":"https:\/\/www.europesays.com\/fr\/46139\/","title":{"rendered":"L&rsquo;UE ne se s\u00e9parera pas de la Chine comme condition \u00e0 la conclusion d&rsquo;un accord commercial avec Trump"},"content":{"rendered":"<p><img decoding=\"async\" class=\"c-ad__placeholder__logo\" src=\"https:\/\/www.europesays.com\/fr\/wp-content\/uploads\/2025\/03\/logo-euronews-grey-6-180x22.svg.svg+xml\" width=\"180\" height=\"22\" alt=\"\" loading=\"lazy\"\/>PUBLICIT\u00c9<\/p>\n<p>L&rsquo;Union europ\u00e9enne ne se d\u00e9couplera pas de l&rsquo;\u00e9conomie chinoise comme condition pour parvenir \u00e0 un accord commercial avec l&rsquo;administration de Donald Trump, a d\u00e9clar\u00e9 mardi la Commission europ\u00e9enne, alors que des rapports indiquent que la Maison-Blanche a demand\u00e9 aux pays de faire exactement cela.<\/p>\n<p>Bien que les \u00c9tats-Unis n&rsquo;aient pas officiellement confirm\u00e9 cette demande, M. Trump a sembl\u00e9 dispos\u00e9 \u00e0 ce que les pays choisissent entre Washington et P\u00e9kin afin d&rsquo;obtenir des concessions permanentes sur ses droits de douane radicaux, qui ont choqu\u00e9 ses alli\u00e9s comme ses adversaires.<\/p>\n<p><img decoding=\"async\" src=\"https:\/\/www.europesays.com\/fr\/wp-content\/uploads\/2025\/03\/icon-cross-10x10-grey-6.svg.svg+xml\" width=\"10\" height=\"10\" alt=\"Close advertising\" fetchpriority=\"high\" loading=\"lazy\"\/><\/p>\n<p>Les droits de douane ont \u00e9t\u00e9 <a href=\"https:\/\/fr.euronews.com\/business\/2025\/04\/10\/ursula-von-der-leyen-salue-la-decision-de-donald-trump-de-suspendre-les-droits-de-douane\" target=\"_blank\" rel=\"noopener\"><strong>temporairement suspendus pendant 90 jours<\/strong><\/a>, une fen\u00eatre d&rsquo;opportunit\u00e9 sur laquelle les gouvernements misent pour conclure des accords commerciaux.<\/p>\n<p>\u00ab\u00a0Peut-\u00eatre d&rsquo;une certaine mani\u00e8re\u00a0\u00bb, a d\u00e9clar\u00e9 M. Trump \u00e0 Fox News lorsqu&rsquo;on lui a demand\u00e9 si l&rsquo;Am\u00e9rique latine devait se dissocier de la Chine. \u00ab\u00a0Peut-\u00eatre, oui, peut-\u00eatre qu&rsquo;ils devraient le faire\u00a0\u00bb.<\/p>\n<p>La simple suggestion a suffi \u00e0 P\u00e9kin pour lancer un avertissement de repr\u00e9sailles.<\/p>\n<p>\u00ab\u00a0La Chine s&rsquo;oppose fermement \u00e0 ce qu&rsquo;une partie conclue un accord au d\u00e9triment des int\u00e9r\u00eats de la Chine\u00a0\u00bb, a d\u00e9clar\u00e9 lundi le minist\u00e8re du commerce du pays.<\/p>\n<p>\u00ab\u00a0Si cela se produit, la Chine ne l&rsquo;acceptera jamais et prendra r\u00e9solument des contre-mesures de mani\u00e8re r\u00e9ciproque. La Chine est d\u00e9termin\u00e9e et capable de sauvegarder ses propres droits et int\u00e9r\u00eats. Personne ne peut rester \u00e0 l&rsquo;abri de l&rsquo;impact de l&rsquo;unilat\u00e9ralisme et du protectionnisme\u00a0\u00bb.<\/p>\n<p>Mardi, la Commission europ\u00e9enne, qui dispose d&rsquo;une comp\u00e9tence exclusive pour n\u00e9gocier la politique commerciale de l&rsquo;Union des 27, a cherch\u00e9 \u00e0 prendre ses distances par rapport \u00e0 cette altercation, insistant sur le fait que les n\u00e9gociations avec les \u00c9tats-Unis et les relations avec la Chine sont \u00ab\u00a0deux sujets distincts\u00a0\u00bb.<\/p>\n<p>\u00ab\u00a0Nous avons des n\u00e9gociations commerciales en cours avec nos homologues am\u00e9ricains\u00a0\u00bb, a d\u00e9clar\u00e9 Arianna Podest\u00e0, porte-parole adjointe de la Commission.<\/p>\n<p>\u00ab\u00a0Il s&rsquo;agit d&rsquo;une n\u00e9gociation entre deux parties qui discutent des \u00e9l\u00e9ments permettant de parvenir \u00e0 un r\u00e9sultat gagnant-gagnant\u00a0\u00bb, a-t-elle ajout\u00e9.<\/p>\n<p>\u00ab\u00a0C&rsquo;est diff\u00e9rent de notre relation avec la Chine\u00a0\u00bb.<\/p>\n<p>Mme Podest\u00e0 a soulign\u00e9 que, malgr\u00e9 les derniers d\u00e9veloppements, la politique de l&rsquo;UE \u00e0 l&rsquo;\u00e9gard de la Chine restait \u00ab\u00a0la m\u00eame\u00a0\u00bb, bas\u00e9e sur \u00ab\u00a0la r\u00e9duction des risques et non le d\u00e9couplage\u00a0\u00bb.<\/p>\n<p>Toutefois, lorsqu&rsquo;on lui a demand\u00e9 si la Chine \u00e9tait \u00ab\u00a0hors de la table\u00a0\u00bb dans les n\u00e9gociations avec les \u00c9tats-Unis, Podest\u00e0 a d\u00e9clar\u00e9 que la seule ligne rouge \u00e9tait la \u00ab\u00a0s\u00e9curit\u00e9 et le bien-\u00eatre\u00a0\u00bb des citoyens de l&rsquo;UE, une r\u00e9f\u00e9rence aux normes de s\u00e9curit\u00e9 alimentaire que la Maison-Blanche a qualifi\u00e9es de \u00ab\u00a0barri\u00e8re non tarifaire\u00a0\u00bb.<\/p>\n<p>\u00ab\u00a0Le reste est \u00e0 discuter\u00a0\u00bb, a-t-elle pr\u00e9cis\u00e9<\/p>\n<p>Limiter les risques ou se s\u00e9parer ?<\/p>\n<p>La strat\u00e9gie mise en place par la pr\u00e9sidente de la Commission europ\u00e9enne, Ursula von der Leyen, au cours de son premier mandat, a \u00e9t\u00e9 baptis\u00e9e \u00ab\u00a0d\u00e9-risking\u00a0\u00bb. Mme Von der Leyen a lanc\u00e9 ce terme pour d\u00e9crire l&rsquo;att\u00e9nuation des d\u00e9pendances vuln\u00e9rables \u00e0 l&rsquo;\u00e9gard de la Chine que l&rsquo;UE a cr\u00e9\u00e9es au cours des derni\u00e8res d\u00e9cennies, en particulier dans des domaines sensibles tels que la haute technologie et les biens \u00e0 double usage.<\/p>\n<p><img decoding=\"async\" class=\"c-ad__placeholder__logo\" src=\"https:\/\/www.europesays.com\/fr\/wp-content\/uploads\/2025\/03\/logo-euronews-grey-6-180x22.svg.svg+xml\" width=\"180\" height=\"22\" alt=\"\" loading=\"lazy\"\/>PUBLICIT\u00c9<\/p>\n<p>P\u00e9kin a \u00e9t\u00e9 accus\u00e9 de tirer parti des cha\u00eenes d&rsquo;approvisionnement pour exercer des repr\u00e9sailles contre les politiques per\u00e7ues comme portant atteinte \u00e0 ses int\u00e9r\u00eats nationaux. En r\u00e9action aux droits de douane \u00e9lev\u00e9s de M. Trump, elle a r\u00e9duit les exportations d&rsquo;un large \u00e9ventail de min\u00e9raux critiques et d&rsquo;aimants.<\/p>\n<p>Mme Von der Leyen, dont l&rsquo;attitude dure \u00e0 l&rsquo;\u00e9gard de la Chine avait \u00e9t\u00e9 salu\u00e9e par l&rsquo;administration de Joe Biden, a mod\u00e9r\u00e9 son ton au cours des derni\u00e8res semaines. Le pr\u00e9sident de la Commission parle d\u00e9sormais d&rsquo;une politique \u00e9trang\u00e8re \u00ab\u00a0transactionnelle\u00a0\u00bb qui peut conduire \u00e0 un engagement constructif avec des nations qui ne partagent pas les valeurs fondamentales du bloc, comme la Chine.<\/p>\n<p>Quelques jours apr\u00e8s que M. Trump a annonc\u00e9 ses \u00ab\u00a0droits de douane r\u00e9ciproques\u00a0\u00bb et fait s&rsquo;effondrer les march\u00e9s, Mme von der Leyen s&rsquo;est entretenue par t\u00e9l\u00e9phone avec le premier ministre chinois, Li Qiang.<\/p>\n<p>\u00ab\u00a0En r\u00e9ponse aux perturbations g\u00e9n\u00e9ralis\u00e9es caus\u00e9es par les droits de douane am\u00e9ricains, la pr\u00e9sidente von der Leyen a soulign\u00e9 la responsabilit\u00e9 de l&rsquo;Europe et de la Chine, en tant que deux des plus grands march\u00e9s du monde, de soutenir un syst\u00e8me commercial fort et r\u00e9form\u00e9, libre, \u00e9quitable et fond\u00e9 sur des conditions de concurrence \u00e9gales\u00a0\u00bb, a d\u00e9clar\u00e9 la Commission dans son <a href=\"https:\/\/ec.europa.eu\/commission\/presscorner\/detail\/en\/read_25_1004\" target=\"_blank\" rel=\"noreferrer noopener\">compte-rendu<\/a> officiel.<\/p>\n<p><img decoding=\"async\" class=\"c-ad__placeholder__logo\" src=\"https:\/\/www.europesays.com\/fr\/wp-content\/uploads\/2025\/03\/logo-euronews-grey-6-180x22.svg.svg+xml\" width=\"180\" height=\"22\" alt=\"\" loading=\"lazy\"\/>PUBLICIT\u00c9<\/p>\n<p>La version publi\u00e9e par P\u00e9kin \u00e9tait nettement plus optimiste et soulignait la \u00ab\u00a0dynamique de croissance r\u00e9guli\u00e8re\u00a0\u00bb des liens. \u00ab\u00a0La Chine est pr\u00eate \u00e0 travailler avec la partie europ\u00e9enne pour promouvoir un d\u00e9veloppement sain et r\u00e9gulier des relations entre la Chine et l&rsquo;UE\u00a0\u00bb, a d\u00e9clar\u00e9 M. Li \u00e0 Ursula von der Leyen.<\/p>\n<p>Un sommet UE-Chine se tiendra en juillet, ont annonc\u00e9 les deux parties.<\/p>\n<p>Cet \u00e9change a imm\u00e9diatement aliment\u00e9 les sp\u00e9culations sur l&rsquo;imminence d&rsquo;un  <a href=\"https:\/\/www.euronews.com\/my-europe\/2025\/04\/12\/as-trump-brings-the-eu-and-china-closer-reality-keeps-pulling-them-apart\" target=\"_blank\" rel=\"noopener\"><strong>red\u00e9marrage des relations entre l&rsquo;UE et la Chine<\/strong><\/a><strong>(lien en anglais)<\/strong>, que Bruxelles a tent\u00e9 de minimiser en soulignant le risque de voir le march\u00e9 europ\u00e9en inond\u00e9 d&rsquo;exportations \u00e0 bas prix que la Chine ne peut plus envoyer aux \u00c9tats-Unis en raison des droits de douane prohibitifs.<\/p>\n<p>\u00ab\u00a0Nous ne pouvons pas absorber la surcapacit\u00e9 mondiale et nous n&rsquo;accepterons pas le dumping sur notre march\u00e9\u00a0\u00bb, a averti von der Leyen au d\u00e9but du mois.<\/p>\n<p><img decoding=\"async\" class=\"c-ad__placeholder__logo\" src=\"https:\/\/www.europesays.com\/fr\/wp-content\/uploads\/2025\/03\/logo-euronews-grey-6-180x22.svg.svg+xml\" width=\"180\" height=\"22\" alt=\"\" loading=\"lazy\"\/>PUBLICIT\u00c9<\/p>\n<p>En 2023, les \u00c9tats-Unis ont \u00e9t\u00e9 la premi\u00e8re destination des produits fabriqu\u00e9s dans l&rsquo;UE (501,9 milliards d&rsquo;euros), suivis par la Chine (223,5 milliards d&rsquo;euros), selon <a href=\"https:\/\/ec.europa.eu\/eurostat\/statistics-explained\/index.php?title=International_trade_in_goods_by_partner\" target=\"_blank\" rel=\"noreferrer noopener\">Eurostat<\/a>. En revanche, la Chine a import\u00e9 la plus grande part des marchandises dans l&rsquo;Union (516,2 milliards d&rsquo;euros), apr\u00e8s les \u00c9tats-Unis (346,7 milliards d&rsquo;euros).<\/p>\n","protected":false},"excerpt":{"rendered":"PUBLICIT\u00c9 L&rsquo;Union europ\u00e9enne ne se d\u00e9couplera pas de l&rsquo;\u00e9conomie chinoise comme condition pour parvenir \u00e0 un accord commercial&hellip;\n","protected":false},"author":2,"featured_media":46140,"comment_status":"","ping_status":"","sticky":false,"template":"","format":"standard","meta":{"footnotes":""},"categories":[1586],"tags":[11,309,2196,75,1866,1777,674,1779,1011,27,12,25,1778,13551,364],"class_list":{"0":"post-46139","1":"post","2":"type-post","3":"status-publish","4":"format-standard","5":"has-post-thumbnail","7":"category-europe","8":"tag-actualites","9":"tag-chine","10":"tag-commission-europeenne","11":"tag-donald-trump","12":"tag-etats-unis-damerique","13":"tag-eu","14":"tag-europe","15":"tag-european-union","16":"tag-fr","17":"tag-france","18":"tag-news","19":"tag-republique-francaise","20":"tag-ue","21":"tag-ue-chine","22":"tag-union-europeenne"},"share_on_mastodon":{"url":"https:\/\/pubeurope.com\/@fr\/114386412749788648","error":""},"_links":{"self":[{"href":"https:\/\/www.europesays.com\/fr\/wp-json\/wp\/v2\/posts\/46139","targetHints":{"allow":["GET"]}}],"collection":[{"href":"https:\/\/www.europesays.com\/fr\/wp-json\/wp\/v2\/posts"}],"about":[{"href":"https:\/\/www.europesays.com\/fr\/wp-json\/wp\/v2\/types\/post"}],"author":[{"embeddable":true,"href":"https:\/\/www.europesays.com\/fr\/wp-json\/wp\/v2\/users\/2"}],"replies":[{"embeddable":true,"href":"https:\/\/www.europesays.com\/fr\/wp-json\/wp\/v2\/comments?post=46139"}],"version-history":[{"count":0,"href":"https:\/\/www.europesays.com\/fr\/wp-json\/wp\/v2\/posts\/46139\/revisions"}],"wp:featuredmedia":[{"embeddable":true,"href":"https:\/\/www.europesays.com\/fr\/wp-json\/wp\/v2\/media\/46140"}],"wp:attachment":[{"href":"https:\/\/www.europesays.com\/fr\/wp-json\/wp\/v2\/media?parent=46139"}],"wp:term":[{"taxonomy":"category","embeddable":true,"href":"https:\/\/www.europesays.com\/fr\/wp-json\/wp\/v2\/categories?post=46139"},{"taxonomy":"post_tag","embeddable":true,"href":"https:\/\/www.europesays.com\/fr\/wp-json\/wp\/v2\/tags?post=46139"}],"curies":[{"name":"wp","href":"https:\/\/api.w.org\/{rel}","templated":true}]}}