{"id":461394,"date":"2025-10-14T03:19:13","date_gmt":"2025-10-14T03:19:13","guid":{"rendered":"https:\/\/www.europesays.com\/fr\/461394\/"},"modified":"2025-10-14T03:19:13","modified_gmt":"2025-10-14T03:19:13","slug":"gauff-plaide-pour-un-ancrage-durable-des-wta-finals","status":"publish","type":"post","link":"https:\/\/www.europesays.com\/fr\/461394\/","title":{"rendered":"Gauff plaide pour un ancrage durable des WTA Finals"},"content":{"rendered":"<p>                <img decoding=\"async\" src=\"https:\/\/www.europesays.com\/fr\/wp-content\/uploads\/2025\/10\/0Ffb.jpg\" fetchpriority=\"high\" alt=\"\u00ab Cr\u00e9er une vraie culture du tournoi \u00bb : Gauff plaide pour un ancrage durable des WTA Finals\"\/><\/p>\n<p>Dans un entretien \u00e0 Arab News, Coco Gauff a plaid\u00e9 pour un avenir plus coh\u00e9rent des WTA Finals. Pour la n\u00b0 3 mondiale, le tournoi doit rester plusieurs ann\u00e9es dans une m\u00eame ville pour attirer les fans et b\u00e2tir une culture durable.<\/p>\n<p>Pour la deuxi\u00e8me ann\u00e9e cons\u00e9cutive, les WTA Finals se joueront \u00e0 Riyad (Arabie saoudite) le mois prochain. Un tournoi qui avait souffert en termes d\u2019affluence (tribunes vides durant certains matchs) mais qui avait plu aux joueuses pr\u00e9sentes.<\/p>\n<p>C\u2019\u00e9tait le cas de la laur\u00e9ate Coco Gauff, qui avait salu\u00e9 le travail effectu\u00e9 par les organisateurs apr\u00e8s sa victoire en finale. Interview\u00e9e par le m\u00e9dia Arab News, la n\u00b03 mondiale souhaite trouver de la stabilit\u00e9 pour le Masters f\u00e9minin :<\/p>\n<p>\u00ab Mes trois derni\u00e8res participations \u00e9taient dans trois lieux diff\u00e9rents. Nous ne devrions pas changer d\u2019endroit chaque ann\u00e9e. Je n\u2019ai pas pass\u00e9 suffisamment de temps sur le circuit pour savoir si dix ans est une bonne dur\u00e9e, car je n\u2019y ai jou\u00e9 que trois fois.<\/p>\n<p>Mais je pense vraiment qu\u2019il y a un avantage \u00e0 garder un tournoi au m\u00eame endroit pour deux ou trois ann\u00e9es cons\u00e9cutives. Je pense que cela contribue \u00e0 cr\u00e9er une culture autour de ce tournoi dans cette r\u00e9gion, ce qui peut attirer davantage l&rsquo;attention et permettre aux fans, s&rsquo;ils le souhaitent, de planifier leurs voyages et autres.<\/p>\n<p>Le probl\u00e8me, c\u2019est que les \u00e9ditions 2022 et 2023 des WTA Finals ont \u00e9t\u00e9 annonc\u00e9es assez tardivement. Et je ne pense pas que la fr\u00e9quentation ait \u00e9t\u00e9 tr\u00e8s bonne \u00e0 cause de cela.<\/p>\n<p>Pour Riyad, c&rsquo;\u00e9tait judicieux de ne consid\u00e9rer que trois ans, juste pour tester le terrain et voir comment \u00e7a se passe, \u00e9tant donn\u00e9 qu&rsquo;il n&rsquo;y avait jamais eu d&rsquo;\u00e9v\u00e9nement professionnel f\u00e9minin l\u00e0-bas.<\/p>\n<p>Mais du point de vue des joueuses, cela semblait vraiment \u00eatre une r\u00e9ussite. Je ne sais pas comment cela s&rsquo;est pass\u00e9 sur le plan logistique et tout \u00e7a, mais d&rsquo;apr\u00e8s mon exp\u00e9rience, cela semble \u00eatre une r\u00e9ussite. Je ne serais pas contre revenir dans trois ans ou plus. \u00bb<\/p>\n","protected":false},"excerpt":{"rendered":"Dans un entretien \u00e0 Arab News, Coco Gauff a plaid\u00e9 pour un avenir plus coh\u00e9rent des WTA Finals.&hellip;\n","protected":false},"author":2,"featured_media":461395,"comment_status":"","ping_status":"","sticky":false,"template":"","format":"standard","meta":{"footnotes":""},"categories":[1415],"tags":[1011,27,60,1467],"class_list":{"0":"post-461394","1":"post","2":"type-post","3":"status-publish","4":"format-standard","5":"has-post-thumbnail","7":"category-tennis","8":"tag-fr","9":"tag-france","10":"tag-sports","11":"tag-tennis"},"share_on_mastodon":{"url":"https:\/\/pubeurope.com\/@fr\/115370365540340430","error":""},"_links":{"self":[{"href":"https:\/\/www.europesays.com\/fr\/wp-json\/wp\/v2\/posts\/461394","targetHints":{"allow":["GET"]}}],"collection":[{"href":"https:\/\/www.europesays.com\/fr\/wp-json\/wp\/v2\/posts"}],"about":[{"href":"https:\/\/www.europesays.com\/fr\/wp-json\/wp\/v2\/types\/post"}],"author":[{"embeddable":true,"href":"https:\/\/www.europesays.com\/fr\/wp-json\/wp\/v2\/users\/2"}],"replies":[{"embeddable":true,"href":"https:\/\/www.europesays.com\/fr\/wp-json\/wp\/v2\/comments?post=461394"}],"version-history":[{"count":0,"href":"https:\/\/www.europesays.com\/fr\/wp-json\/wp\/v2\/posts\/461394\/revisions"}],"wp:featuredmedia":[{"embeddable":true,"href":"https:\/\/www.europesays.com\/fr\/wp-json\/wp\/v2\/media\/461395"}],"wp:attachment":[{"href":"https:\/\/www.europesays.com\/fr\/wp-json\/wp\/v2\/media?parent=461394"}],"wp:term":[{"taxonomy":"category","embeddable":true,"href":"https:\/\/www.europesays.com\/fr\/wp-json\/wp\/v2\/categories?post=461394"},{"taxonomy":"post_tag","embeddable":true,"href":"https:\/\/www.europesays.com\/fr\/wp-json\/wp\/v2\/tags?post=461394"}],"curies":[{"name":"wp","href":"https:\/\/api.w.org\/{rel}","templated":true}]}}