{"id":461396,"date":"2025-10-14T03:21:22","date_gmt":"2025-10-14T03:21:22","guid":{"rendered":"https:\/\/www.europesays.com\/fr\/461396\/"},"modified":"2025-10-14T03:21:22","modified_gmt":"2025-10-14T03:21:22","slug":"moto-jai-une-enorme-envie-de-revenir-jorge-martin-de-retour-au-grand-prix-du-qatar","status":"publish","type":"post","link":"https:\/\/www.europesays.com\/fr\/461396\/","title":{"rendered":"Moto\u00a0: \u00ab\u00a0J\u2019ai une \u00e9norme envie de revenir\u00a0\u00bb, Jorge Martin de retour au Grand Prix du Qatar"},"content":{"rendered":"<p class=\"paragraph text_align_left lp-f-body-02\">L\u2019Espagnol Jorge Martin (Aprilia), champion du monde en titre de Moto GP d\u00e9j\u00e0 forfait pour les trois premi\u00e8res manches de la saison en raison d\u2019une blessure \u00e0 la main gauche, fera son retour ce week-end lors du Grand Prix du Qatar (11-13 avril), a annonc\u00e9 ce mardi son \u00e9quipe.<\/p>\n<p class=\"paragraph text_align_left lp-f-body-02\">\u00ab\u00a0J\u2019ai une \u00e9norme envie de revenir sur la piste et je suis heureux de pouvoir au moins essayer de courir au Qatar\u00a0\u00bb, d\u00e9clare le pilote de 27 ans, cit\u00e9 dans le communiqu\u00e9. \u00ab\u00a0Je ne sais pas o\u00f9 j\u2019en suis physiquement &#8211; je ne suis clairement pas \u00e0 100\u00a0%. On va essayer de faire de notre mieux et de progresser petit \u00e0 petit\u00a0\u00bb, ajoute-t-il, pr\u00e9cisant n\u2019\u00eatre \u00ab\u00a0m\u00eame pas s\u00fbr de pouvoir terminer la course\u00a0\u00bb, longue de 22 tours sur le circuit de Lusail (5,4\u00a0km).<\/p>\n<p class=\"paragraph text_align_left lp-f-body-02\">\u00ab\u00a0Sa participation (\u2026) reste conditionn\u00e9e \u00e0 l\u2019approbation de la d\u00e9l\u00e9gation m\u00e9dicale du Championnat du monde Moto GP\u00a0\u00bb, pr\u00e9vient par ailleurs Aprilia.<\/p>\n<p>Peu de chances de conserver son titre<\/p>\n<p class=\"paragraph text_align_left lp-f-body-02\">Martin, qui s\u2019\u00e9tait <a href=\"https:\/\/www.leparisien.fr\/sports\/moto-la-video-de-limpressionnante-chute-de-jorge-martin-en-malaisie-05-02-2025-REWP7HH4XBCRLNPGNFMQPXF4X4.php\" target=\"_self\" rel=\"nofollow noopener\">bless\u00e9 lors des essais de pr\u00e9-saison \u00e0 Sepang (Malaisie)<\/a> et avait d\u00fb \u00eatre op\u00e9r\u00e9 d\u00e9but f\u00e9vrier, avait connu une nouvelle chute qui avait n\u00e9cessit\u00e9 une <a href=\"https:\/\/www.leparisien.fr\/sports\/moto-gp-jorge-martin-opere-de-multiples-fractures-a-la-main-gauche-apres-son-accident-25-02-2025-IYJE4I45GJGJTH6R2SGLOZ43PA.php\" target=\"_self\" rel=\"nofollow noopener\">nouvelle intervention \u00e0 la main gauche fin f\u00e9vrier<\/a>, juste avant la manche inaugurale de la saison en Tha\u00eflande.<\/p>\n<p class=\"paragraph text_align_left lp-f-body-02\">Apr\u00e8s son forfait sur les trois premi\u00e8res courses, l\u2019Espagnol a peu de chances de pouvoir conserver son titre mondial cette saison.<\/p>\n<p class=\"paragraph text_align_left lp-f-body-02\">Son compatriote Alex Marquez (Ducati-Gresini) occupe actuellement la t\u00eate du classement des pilotes avec 87 points, juste devant son fr\u00e8re et sextuple champion du monde Marc Marquez (Ducati) et l\u2019Italien Francesco Bagnaia (Ducati), titr\u00e9 en\u00a02022 et\u00a02023.<\/p>\n","protected":false},"excerpt":{"rendered":"L\u2019Espagnol Jorge Martin (Aprilia), champion du monde en titre de Moto GP d\u00e9j\u00e0 forfait pour les trois premi\u00e8res&hellip;\n","protected":false},"author":2,"featured_media":461397,"comment_status":"","ping_status":"","sticky":false,"template":"","format":"standard","meta":{"footnotes":""},"categories":[1413],"tags":[1011,27,1457,1456,60],"class_list":{"0":"post-461396","1":"post","2":"type-post","3":"status-publish","4":"format-standard","5":"has-post-thumbnail","7":"category-moto","8":"tag-fr","9":"tag-france","10":"tag-moto","11":"tag-motocycle","12":"tag-sports"},"share_on_mastodon":{"url":"https:\/\/pubeurope.com\/@fr\/115370373014278725","error":""},"_links":{"self":[{"href":"https:\/\/www.europesays.com\/fr\/wp-json\/wp\/v2\/posts\/461396","targetHints":{"allow":["GET"]}}],"collection":[{"href":"https:\/\/www.europesays.com\/fr\/wp-json\/wp\/v2\/posts"}],"about":[{"href":"https:\/\/www.europesays.com\/fr\/wp-json\/wp\/v2\/types\/post"}],"author":[{"embeddable":true,"href":"https:\/\/www.europesays.com\/fr\/wp-json\/wp\/v2\/users\/2"}],"replies":[{"embeddable":true,"href":"https:\/\/www.europesays.com\/fr\/wp-json\/wp\/v2\/comments?post=461396"}],"version-history":[{"count":0,"href":"https:\/\/www.europesays.com\/fr\/wp-json\/wp\/v2\/posts\/461396\/revisions"}],"wp:featuredmedia":[{"embeddable":true,"href":"https:\/\/www.europesays.com\/fr\/wp-json\/wp\/v2\/media\/461397"}],"wp:attachment":[{"href":"https:\/\/www.europesays.com\/fr\/wp-json\/wp\/v2\/media?parent=461396"}],"wp:term":[{"taxonomy":"category","embeddable":true,"href":"https:\/\/www.europesays.com\/fr\/wp-json\/wp\/v2\/categories?post=461396"},{"taxonomy":"post_tag","embeddable":true,"href":"https:\/\/www.europesays.com\/fr\/wp-json\/wp\/v2\/tags?post=461396"}],"curies":[{"name":"wp","href":"https:\/\/api.w.org\/{rel}","templated":true}]}}