{"id":461408,"date":"2025-10-14T03:27:12","date_gmt":"2025-10-14T03:27:12","guid":{"rendered":"https:\/\/www.europesays.com\/fr\/461408\/"},"modified":"2025-10-14T03:27:12","modified_gmt":"2025-10-14T03:27:12","slug":"montaigut-sur-save-la-culture-commune-aux-deux-villages","status":"publish","type":"post","link":"https:\/\/www.europesays.com\/fr\/461408\/","title":{"rendered":"Montaigut-sur-Save. La culture commune aux deux villages"},"content":{"rendered":"<p>Le salon du livre dans le cadre du week-end culturel Arts et Lire en Save commun aux deux municipalit\u00e9s de Saint Paul et Montaigut a pour sa deuxi\u00e8me \u00e9dition, connu un joli succ\u00e8s.<\/p>\n<p>Ce n\u2019est pas moins de 25 auteurs, \u00e9diteurs et passionn\u00e9s de lecture qui se sont r\u00e9unis \u00e0 la salle des f\u00eates de Montaigut. Invit\u00e9e du Salon, Camille Pouponneau a fait une conf\u00e9rence le samedi soir sur \u00ab\u00a0l\u2019engagement territorial et la d\u00e9mocratie locale\u00a0\u00bb, elle a partag\u00e9 avec le public son exp\u00e9rience et ses possibles solutions, une s\u00e9ance de d\u00e9dicace de son livre \u00ab\u00a0Maire, le grand g\u00e2chis\u00a0\u00bb a eu lieu \u00e0 l\u2019issue de la conf\u00e9rence et le lendemain matin. Dans les \u00ab\u00a0t\u00eates d\u2019affiche\u00a0\u00bb Just Loui, c\u00e9l\u00e8bre mangaka \u00e9tait pr\u00e9sent ainsi que Bruno L\u00e9andri (ex-fluide glacial) ou encore Christophe Agnus. <\/p>\n<p>De nombreux ateliers \u00e9taient disponibles pour les enfants, notamment de l\u2019apprentissage au dessin, au manga ou au Kamishibai. \u00ab\u00a0La pr\u00e9sence des deux m\u00e9diath\u00e8ques communales et de la librairie Grand Selve de Grenade ont apport\u00e9 un plus ind\u00e9niable \u00e0 l\u2019organisation du salon\u00a0\u00bb, explique Fran\u00e7ois Codine, maire de Montaigut-sur-Save.<\/p>\n<p>Ce salon du livre a \u00e9t\u00e9 coorganis\u00e9 avec les deux municipalit\u00e9s, le foyer rural de Montaigut, Guy Mothe, auteur de fables humoristiques et Gilles Roux auteur local de Pibrac.<\/p>\n","protected":false},"excerpt":{"rendered":"Le salon du livre dans le cadre du week-end culturel Arts et Lire en Save commun aux deux&hellip;\n","protected":false},"author":2,"featured_media":461409,"comment_status":"","ping_status":"","sticky":false,"template":"","format":"standard","meta":{"footnotes":""},"categories":[1357],"tags":[1379,58,59,1011,27,1380],"class_list":{"0":"post-461408","1":"post","2":"type-post","3":"status-publish","4":"format-standard","5":"has-post-thumbnail","7":"category-livres","8":"tag-books","9":"tag-divertissement","10":"tag-entertainment","11":"tag-fr","12":"tag-france","13":"tag-livres"},"share_on_mastodon":{"url":"https:\/\/pubeurope.com\/@fr\/115370396468267123","error":""},"_links":{"self":[{"href":"https:\/\/www.europesays.com\/fr\/wp-json\/wp\/v2\/posts\/461408","targetHints":{"allow":["GET"]}}],"collection":[{"href":"https:\/\/www.europesays.com\/fr\/wp-json\/wp\/v2\/posts"}],"about":[{"href":"https:\/\/www.europesays.com\/fr\/wp-json\/wp\/v2\/types\/post"}],"author":[{"embeddable":true,"href":"https:\/\/www.europesays.com\/fr\/wp-json\/wp\/v2\/users\/2"}],"replies":[{"embeddable":true,"href":"https:\/\/www.europesays.com\/fr\/wp-json\/wp\/v2\/comments?post=461408"}],"version-history":[{"count":0,"href":"https:\/\/www.europesays.com\/fr\/wp-json\/wp\/v2\/posts\/461408\/revisions"}],"wp:featuredmedia":[{"embeddable":true,"href":"https:\/\/www.europesays.com\/fr\/wp-json\/wp\/v2\/media\/461409"}],"wp:attachment":[{"href":"https:\/\/www.europesays.com\/fr\/wp-json\/wp\/v2\/media?parent=461408"}],"wp:term":[{"taxonomy":"category","embeddable":true,"href":"https:\/\/www.europesays.com\/fr\/wp-json\/wp\/v2\/categories?post=461408"},{"taxonomy":"post_tag","embeddable":true,"href":"https:\/\/www.europesays.com\/fr\/wp-json\/wp\/v2\/tags?post=461408"}],"curies":[{"name":"wp","href":"https:\/\/api.w.org\/{rel}","templated":true}]}}