{"id":461416,"date":"2025-10-14T03:31:15","date_gmt":"2025-10-14T03:31:15","guid":{"rendered":"https:\/\/www.europesays.com\/fr\/461416\/"},"modified":"2025-10-14T03:31:15","modified_gmt":"2025-10-14T03:31:15","slug":"ce-petit-plaisir-sucre-booste-le-collagene-mieux-que-la-majorite-des-soins-antirides","status":"publish","type":"post","link":"https:\/\/www.europesays.com\/fr\/461416\/","title":{"rendered":"Ce petit plaisir sucr\u00e9 booste le collag\u00e8ne mieux que la majorit\u00e9 des soins antirides"},"content":{"rendered":"<p>\n                Un aliment que l&rsquo;on adore grignoter \u00e0 toute heure de la journ\u00e9e pourrait bien devenir notre anti-\u00e2ge pr\u00e9f\u00e9r\u00e9. Zoom.            <\/p>\n<p>Une douceur pour l&rsquo;estomac et pour la peau. Dans le monde des soins visage, les d\u00e9couvertes ne cessent d&rsquo;\u00e9voluer. Si l&rsquo;on connait d\u00e9sormais les bienfaits des peptides, du <a href=\"https:\/\/www.journaldesfemmes.fr\/beaute\/conseils-soins\/2702147-collagene-bienfaits-peau\/\" title=\"Collag\u00e8ne\" target=\"_blank\" rel=\"noopener\">collag\u00e8ne<\/a> ou encore de l&rsquo;acide hyaluronique pour le minois, un nouvel actif attire l&rsquo;\u0153il des chercheurs. Et il s&rsquo;agit d&rsquo;un ingr\u00e9dient que vous adorez d\u00e9vorer au quotidien notamment dans vos desserts favoris. Riche en flavono\u00efdes, il poss\u00e8de donc un puissant effet anti-inflammatoire. \u00ab\u00a0Les flavono\u00efdes sont b\u00e9n\u00e9fiques pour la peau gr\u00e2ce \u00e0 leurs propri\u00e9t\u00e9s antioxydantes\u00a0\u00bb, explique le Dr Nava Greenfield, dermatologue, au m\u00e9dia am\u00e9ricain <a href=\"https:\/\/www.womenshealthmag.com\/beauty\/a68121278\/cocoa-powder-skin-benefits\/\" target=\"_blank\" rel=\"noopener\">Women&rsquo;s Health<\/a>. \u00ab\u00a0Les antioxydants jouent un r\u00f4le important dans la lutte contre le vieillissement en aidant \u00e0 lutter contre les dommages sur l&rsquo;ADN qui s&rsquo;accumulent au fil des ans, en \u00e9liminant le stress oxydatif qui peut l&rsquo;endommager de mani\u00e8re irr\u00e9versible.\u00a0\u00bb<\/p>\n<p>En d&rsquo;autres termes, le m\u00eame ingr\u00e9dient que l&rsquo;on retrouve dans le brownie ou les g\u00e2teaux peut \u00e9galement aider votre \u00e9piderme \u00e0 ralentir les signes du temps qui passe. Mais ce n&rsquo;est pas tout, le pouvoir du cacao ne s&rsquo;arr\u00eate pas l\u00e0 puisque, comme tout autre antioxydant, il favorise la production, le renforcement et la r\u00e9g\u00e9n\u00e9ration des fibres de collag\u00e8ne et d&rsquo;\u00e9lastine. \u00ab\u00a0Cela contribue au maintien d&rsquo;une peau rebondie, pleine et jeune\u00a0\u00bb, pr\u00e9cise la professionnelle. Certaines \u00e9tudes sugg\u00e8rent m\u00eame que les flavono\u00efdes contenus dans le cacao peuvent p\u00e9n\u00e9trer la couche corn\u00e9e de la peau (soit la partie la plus externe) pour atteindre les parties inf\u00e9rieures, et \u00eatre encore plus efficaces sur le long terme. \u00c0 la cl\u00e9\u00a0? Un \u00e9piderme plus ferme, et bien hydrat\u00e9. Pour constater par vous-m\u00eame la magie du cacao, de nombreuses r\u00e9f\u00e9rences existent sur le march\u00e9. Parmi nos pr\u00e9f\u00e9r\u00e9s\u00a0? L&rsquo;huile The Light Fantastic de Pai Skincare, ou le masque visage Chocolat Caf\u00e9 de Ba\u00efja. En revanche, il est d\u00e9conseill\u00e9 de tenter des exp\u00e9riences avec les ingr\u00e9dients disponibles dans votre cuisine au risque de d\u00e9clencher une r\u00e9action cutan\u00e9e. \u00ab\u00a0Il est difficile de conna\u00eetre l&rsquo;efficacit\u00e9 des masques \u00e0 domicile, car ils ne sont pas test\u00e9s de mani\u00e8re standardis\u00e9e quant \u00e0 leur efficacit\u00e9 et \u00e0 leurs effets secondaires\u00a0\u00bb, pr\u00e9vient le Dr Greenfield.<\/p>\n<p>Quid du chocolat que l&rsquo;on ing\u00e8re\u00a0? Eh bien, l\u00e0 aussi il pourrait avoir des b\u00e9n\u00e9fices jusque sur le minois. Les flavono\u00efdes am\u00e9liorent la circulation sanguine, ce qui a aussi un impact sur la production de collag\u00e8ne et d&rsquo;\u00e9lastine. Malheureusement, cela ne fonctionne qu&rsquo;avec du chocolat noir contenant au minimum 70\u00a0% de cacao. Au placard donc la plaquette de Milka et le pot de Nutella\u2026<\/p>\n","protected":false},"excerpt":{"rendered":"Un aliment que l&rsquo;on adore grignoter \u00e0 toute heure de la journ\u00e9e pourrait bien devenir notre anti-\u00e2ge pr\u00e9f\u00e9r\u00e9.&hellip;\n","protected":false},"author":2,"featured_media":461417,"comment_status":"","ping_status":"","sticky":false,"template":"","format":"standard","meta":{"footnotes":""},"categories":[10],"tags":[58602,51761,51763,1011,27,72,51766,51767,71,58603],"class_list":{"0":"post-461416","1":"post","2":"type-post","3":"status-publish","4":"format-standard","5":"has-post-thumbnail","7":"category-sante","8":"tag-cms-journaldesfemmes-3244040","9":"tag-controller-content","10":"tag-format-papier","11":"tag-fr","12":"tag-france","13":"tag-health","14":"tag-les-histoires-du-jdf","15":"tag-parallaxeinfeed","16":"tag-sante","17":"tag-soins-du-visage"},"share_on_mastodon":{"url":"https:\/\/pubeurope.com\/@fr\/115370412367929935","error":""},"_links":{"self":[{"href":"https:\/\/www.europesays.com\/fr\/wp-json\/wp\/v2\/posts\/461416","targetHints":{"allow":["GET"]}}],"collection":[{"href":"https:\/\/www.europesays.com\/fr\/wp-json\/wp\/v2\/posts"}],"about":[{"href":"https:\/\/www.europesays.com\/fr\/wp-json\/wp\/v2\/types\/post"}],"author":[{"embeddable":true,"href":"https:\/\/www.europesays.com\/fr\/wp-json\/wp\/v2\/users\/2"}],"replies":[{"embeddable":true,"href":"https:\/\/www.europesays.com\/fr\/wp-json\/wp\/v2\/comments?post=461416"}],"version-history":[{"count":0,"href":"https:\/\/www.europesays.com\/fr\/wp-json\/wp\/v2\/posts\/461416\/revisions"}],"wp:featuredmedia":[{"embeddable":true,"href":"https:\/\/www.europesays.com\/fr\/wp-json\/wp\/v2\/media\/461417"}],"wp:attachment":[{"href":"https:\/\/www.europesays.com\/fr\/wp-json\/wp\/v2\/media?parent=461416"}],"wp:term":[{"taxonomy":"category","embeddable":true,"href":"https:\/\/www.europesays.com\/fr\/wp-json\/wp\/v2\/categories?post=461416"},{"taxonomy":"post_tag","embeddable":true,"href":"https:\/\/www.europesays.com\/fr\/wp-json\/wp\/v2\/tags?post=461416"}],"curies":[{"name":"wp","href":"https:\/\/api.w.org\/{rel}","templated":true}]}}