{"id":461420,"date":"2025-10-14T03:33:12","date_gmt":"2025-10-14T03:33:12","guid":{"rendered":"https:\/\/www.europesays.com\/fr\/461420\/"},"modified":"2025-10-14T03:33:12","modified_gmt":"2025-10-14T03:33:12","slug":"vieilles-charrues-2026-voici-quand-les-premiers-noms-de-laffiche-seront-devoiles","status":"publish","type":"post","link":"https:\/\/www.europesays.com\/fr\/461420\/","title":{"rendered":"Vieilles Charrues 2026\u00a0: voici quand les premiers noms de l&rsquo;affiche seront d\u00e9voil\u00e9s\u00a0!"},"content":{"rendered":"<p>On va savoir tr\u00e8s bient\u00f4t <a href=\"https:\/\/www.letelegramme.fr\/culture-loisirs\/festivals\/vieilles-charrues\/vieilles-charrues-le-chanteur-australien-nick-cave-annonce-quil-sera-a-laffiche-du-festival-en-2026-6903924.php\" target=\"_blank\" rel=\"noopener\">quels artistes accompagneront Nick Cave and the Bad Seeds<\/a> dans la future programmation des Vieilles Charrues, pr\u00e9vue du 16 au 19 juillet 2026. L\u2019organisation du festival de Carhaix a annonc\u00e9 ce lundi, sur ses r\u00e9seaux sociaux, que les premiers noms seront d\u00e9voil\u00e9s ce mardi 14 octobre, \u00e0 11 h.<\/p>\n<p>\u00ab On esp\u00e8re que vous aimez les frissons ! \u00bb, a d\u2019embl\u00e9e pr\u00e9cis\u00e9 la publication sur les r\u00e9seaux sociaux du festival, accompagn\u00e9e d\u2019un visuel qui semble annoncer le th\u00e8me de l\u2019\u00e9dition de l\u2019ann\u00e9e prochaine, aux tonalit\u00e9s froides et polaires.<\/p>\n","protected":false},"excerpt":{"rendered":"On va savoir tr\u00e8s bient\u00f4t quels artistes accompagneront Nick Cave and the Bad Seeds dans la future programmation&hellip;\n","protected":false},"author":2,"featured_media":461421,"comment_status":"","ping_status":"","sticky":false,"template":"","format":"standard","meta":{"footnotes":""},"categories":[8],"tags":[11,829,5934,1697,251,58,765,59,849,3337,3321,1011,27,2131,873,58604,35758],"class_list":{"0":"post-461420","1":"post","2":"type-post","3":"status-publish","4":"format-standard","5":"has-post-thumbnail","7":"category-divertissement","8":"tag-actualites","9":"tag-bretagne","10":"tag-carhaix-plouguer","11":"tag-concert","12":"tag-culture","13":"tag-divertissement","14":"tag-en-continu","15":"tag-entertainment","16":"tag-festival","17":"tag-festivals","18":"tag-finistere","19":"tag-fr","20":"tag-france","21":"tag-morlaix","22":"tag-musique","23":"tag-vieilles-charrues-2026","24":"tag-vieilles-charrues"},"share_on_mastodon":{"url":"https:\/\/pubeurope.com\/@fr\/115370420145654429","error":""},"_links":{"self":[{"href":"https:\/\/www.europesays.com\/fr\/wp-json\/wp\/v2\/posts\/461420","targetHints":{"allow":["GET"]}}],"collection":[{"href":"https:\/\/www.europesays.com\/fr\/wp-json\/wp\/v2\/posts"}],"about":[{"href":"https:\/\/www.europesays.com\/fr\/wp-json\/wp\/v2\/types\/post"}],"author":[{"embeddable":true,"href":"https:\/\/www.europesays.com\/fr\/wp-json\/wp\/v2\/users\/2"}],"replies":[{"embeddable":true,"href":"https:\/\/www.europesays.com\/fr\/wp-json\/wp\/v2\/comments?post=461420"}],"version-history":[{"count":0,"href":"https:\/\/www.europesays.com\/fr\/wp-json\/wp\/v2\/posts\/461420\/revisions"}],"wp:featuredmedia":[{"embeddable":true,"href":"https:\/\/www.europesays.com\/fr\/wp-json\/wp\/v2\/media\/461421"}],"wp:attachment":[{"href":"https:\/\/www.europesays.com\/fr\/wp-json\/wp\/v2\/media?parent=461420"}],"wp:term":[{"taxonomy":"category","embeddable":true,"href":"https:\/\/www.europesays.com\/fr\/wp-json\/wp\/v2\/categories?post=461420"},{"taxonomy":"post_tag","embeddable":true,"href":"https:\/\/www.europesays.com\/fr\/wp-json\/wp\/v2\/tags?post=461420"}],"curies":[{"name":"wp","href":"https:\/\/api.w.org\/{rel}","templated":true}]}}