{"id":461428,"date":"2025-10-14T03:37:11","date_gmt":"2025-10-14T03:37:11","guid":{"rendered":"https:\/\/www.europesays.com\/fr\/461428\/"},"modified":"2025-10-14T03:37:11","modified_gmt":"2025-10-14T03:37:11","slug":"journee-decisive-pour-sebastien-lecornu-son-avenir-a-matignon-dans-les-mains-du-ps","status":"publish","type":"post","link":"https:\/\/www.europesays.com\/fr\/461428\/","title":{"rendered":"Journ\u00e9e d\u00e9cisive pour S\u00e9bastien Lecornu, son avenir \u00e0 Matignon dans les mains du PS"},"content":{"rendered":"<p><a href=\"https:\/\/www.20minutes.fr\/politique\/4178625-20251010-sebastien-lecornu-reconduit-emmanuel-macron-matignon\" target=\"_blank\" class=\"c-link c-link--is-underlined\" rel=\"noopener\">Renomm\u00e9 par Emmanuel Macron vendredi<\/a>, l\u2019avenir de S\u00e9bastien Lecornu comme Premier ministre ne se joue d\u00e9sormais plus \u00e0 l\u2019\u00c9lys\u00e9e mais dans les locaux du Parti socialiste. Le RN et LFI comptent en effet le censurer d\u00e8s cette semaine mais ils auront besoin pour cela des voix des socialistes.<\/p>\n<p>Le parti d\u2019Olivier Faure est donc en position de force face \u00e0 un S\u00e9bastien Lecornu sur la corde raide. Le PS en a donc profit\u00e9 pour poser une condition pour ne pas voter contre le gouvernement \u2013 <a href=\"https:\/\/www.20minutes.fr\/diaporama\/diaporama-4178771-images-nouveaux-entrants-gouvernement-lecornu-ii\" target=\"_blank\" class=\"c-link c-link--is-underlined\" rel=\"noopener\">nomm\u00e9 dimanche soir<\/a> \u2013 \u00e0 l\u2019Assembl\u00e9e nationale\u00a0: la <a href=\"https:\/\/www.20minutes.fr\/societe\/reforme_des_retraites\/4179068-20251013-ca-coute-tres-cher-nouveau-prix-nobel-economie-soutient-suspension-reforme-retraites\" target=\"_blank\" class=\"c-link c-link--is-underlined\" rel=\"noopener\">suspension de la r\u00e9forme des retraites<\/a>.<\/p>\n<p>Un premier Conseil des ministres<\/p>\n<p>Pour commencer cette journ\u00e9e cruciale de mardi, un premier Conseil des ministres Lecornu II se tiendra le matin \u00e0 10 heures \u00e0 l\u2019Elys\u00e9e. Le gouvernement pr\u00e9sentera les projets de budget de l\u2019Etat et de la S\u00e9curit\u00e9 sociale, pour qu\u2019ils soient transmis dans les temps au Parlement.<\/p>\n<\/p>\n<p>L\u2019objectif est de garder le d\u00e9ficit en dessous des 5\u00a0% du PIB, au lieu de 4,7\u00a0% initialement pr\u00e9vu, un assouplissement qui laisse une marge de 9\u00a0milliards d\u2019euros pour \u00e9ventuellement satisfaire les demandes des oppositions. \u00ab\u00a0Sur ces bases-l\u00e0, nous allons pouvoir r\u00e9viser compl\u00e8tement la copie qui va \u00eatre pr\u00e9sent\u00e9e en Conseil des ministres\u00a0\u00bb, a pr\u00e9venu lundi soir le Premier secr\u00e9taire du PS Olivier Faure, sur France 5.<\/p>\n<p>Un discours d\u00e9cisif \u00e0 partir de 15 heures<\/p>\n<p>Mais avant d\u2019en arriver \u00e0 un d\u00e9bat budg\u00e9taire, il faudra que le gouvernement \u00e9chappe \u00e0 la censure. L\u2019heure de v\u00e9rit\u00e9 sera la d\u00e9claration de politique g\u00e9n\u00e9rale, quasi boucl\u00e9e, que S\u00e9bastien Lecornu doit prononcer devant l\u2019Assembl\u00e9e \u00e0 partir de 15 heures. Durant celle-ci, Olivier Faure souhaite apprendre une suspension \u00ab\u00a0imm\u00e9diate, compl\u00e8te\u00a0\u00bb de la r\u00e9forme des retraites. Il faut aussi \u00ab\u00a0une contribution sur les plus gros patrimoines qui peut prendre diff\u00e9rentes modalit\u00e9s\u00a0\u00bb et la confirmation de l\u2019abandon de \u00ab\u00a0l\u2019article\u00a049.3\u00a0\u00bb de la Constitution qui permet d\u2019adopter un texte sans vote, a ajout\u00e9 sur France 2 l\u2019ancien pr\u00e9sident Fran\u00e7ois Hollande.<\/p>\n<p><a href=\"https:\/\/www.20minutes.fr\/politique\/\" target=\"_blank\" class=\"c-link c-btn c-btn--primary\" rel=\"noopener\">Notre dossier Politique<\/a><\/p>\n<p>Lors d\u2019une r\u00e9union avec les chefs de parti vendredi, Emmanuel Macron avait esquiss\u00e9 une concession\u00a0: un d\u00e9calage dans le temps de \u00ab\u00a0la mesure d\u2019\u00e2ge\u00a0\u00bb de d\u00e9part \u00e0 la retraite (passage progressif \u00e0 64 ans), symbole de son deuxi\u00e8me quinquennat. Un geste insuffisant aux yeux du PS.<\/p>\n<p>Lundi, depuis l\u2019Egypte, o\u00f9 il assistait au sommet sur Gaza, le pr\u00e9sident a en outre appel\u00e9 les partis \u00e0 \u00ab\u00a0se ressaisir\u00a0\u00bb et \u00e0 \u00ab\u00a0\u0153uvrer \u00e0 la stabilit\u00e9\u00a0\u00bb, au lieu de \u00ab\u00a0faire des paris sur l\u2019instabilit\u00e9\u00a0\u00bb dans une allusion \u00e0 ceux qui esp\u00e8rent une dissolution de l\u2019Assembl\u00e9e ou une pr\u00e9sidentielle anticip\u00e9e. Et <a href=\"https:\/\/www.20minutes.fr\/politique\/4178985-20251013-gouvernement-lecornu-ii-bardella-fustige-ps-magouille-fait-acheter-censurer\" target=\"_blank\" class=\"c-link c-link--is-underlined\" rel=\"noopener\">au RN, les attaques fusent contre les socialistes<\/a>. Le pr\u00e9sident du parti Jordan Bardella s\u2019en est ainsi pris lundi \u00e0 un PS qui tente \u00ab\u00a0de se faire acheter\u00a0\u00bb sur les retraites. Olivier Faure raillant en retour un \u00ab\u00a0expert\u00a0\u00bb en \u00ab\u00a0mati\u00e8re de magouilles\u00a0\u00bb, et appelant le RN \u00e0 clarifier sa position sur \u00ab\u00a0la taxation des ultra-riches\u00a0\u00bb.<\/p>\n","protected":false},"excerpt":{"rendered":"Renomm\u00e9 par Emmanuel Macron vendredi, l\u2019avenir de S\u00e9bastien Lecornu comme Premier ministre ne se joue d\u00e9sormais plus \u00e0&hellip;\n","protected":false},"author":2,"featured_media":461429,"comment_status":"","ping_status":"","sticky":false,"template":"","format":"standard","meta":{"footnotes":""},"categories":[4],"tags":[47,11,416,1073,1011,27,1023,12,4393,4484,316,2556,25,11067,133],"class_list":{"0":"post-461428","1":"post","2":"type-post","3":"status-publish","4":"format-standard","5":"has-post-thumbnail","7":"category-france","8":"tag-actualite","9":"tag-actualites","10":"tag-assemblee-nationale","11":"tag-emmanuel-macron","12":"tag-fr","13":"tag-france","14":"tag-la-france-insoumise-lfi","15":"tag-news","16":"tag-olivier-faure","17":"tag-parti-socialiste-ps","18":"tag-politique","19":"tag-rassemblement-national-rn","20":"tag-republique-francaise","21":"tag-sebastien-lecornu","22":"tag-video"},"share_on_mastodon":{"url":"https:\/\/pubeurope.com\/@fr\/115370435866248042","error":""},"_links":{"self":[{"href":"https:\/\/www.europesays.com\/fr\/wp-json\/wp\/v2\/posts\/461428","targetHints":{"allow":["GET"]}}],"collection":[{"href":"https:\/\/www.europesays.com\/fr\/wp-json\/wp\/v2\/posts"}],"about":[{"href":"https:\/\/www.europesays.com\/fr\/wp-json\/wp\/v2\/types\/post"}],"author":[{"embeddable":true,"href":"https:\/\/www.europesays.com\/fr\/wp-json\/wp\/v2\/users\/2"}],"replies":[{"embeddable":true,"href":"https:\/\/www.europesays.com\/fr\/wp-json\/wp\/v2\/comments?post=461428"}],"version-history":[{"count":0,"href":"https:\/\/www.europesays.com\/fr\/wp-json\/wp\/v2\/posts\/461428\/revisions"}],"wp:featuredmedia":[{"embeddable":true,"href":"https:\/\/www.europesays.com\/fr\/wp-json\/wp\/v2\/media\/461429"}],"wp:attachment":[{"href":"https:\/\/www.europesays.com\/fr\/wp-json\/wp\/v2\/media?parent=461428"}],"wp:term":[{"taxonomy":"category","embeddable":true,"href":"https:\/\/www.europesays.com\/fr\/wp-json\/wp\/v2\/categories?post=461428"},{"taxonomy":"post_tag","embeddable":true,"href":"https:\/\/www.europesays.com\/fr\/wp-json\/wp\/v2\/tags?post=461428"}],"curies":[{"name":"wp","href":"https:\/\/api.w.org\/{rel}","templated":true}]}}