{"id":461434,"date":"2025-10-14T03:41:22","date_gmt":"2025-10-14T03:41:22","guid":{"rendered":"https:\/\/www.europesays.com\/fr\/461434\/"},"modified":"2025-10-14T03:41:22","modified_gmt":"2025-10-14T03:41:22","slug":"atelier-croquis-sous-loeil-de-mathias-mercier-a-la-bu-ingenieurs-brabois-factuel","status":"publish","type":"post","link":"https:\/\/www.europesays.com\/fr\/461434\/","title":{"rendered":"[Atelier] croquis \u00ab Sous l\u2019\u0153il de Mathias Mercier \u00bb \u00e0 la BU ing\u00e9nieurs Brabois &#8211; Factuel"},"content":{"rendered":"<p>Temps de lecture : 1 minute<\/p>\n<p>Informations pratiques<\/p>\n<p><strong>Localisation<\/strong> : BU ing\u00e9nieurs Brabois &#8211; 2 avenue de la for\u00eat de Haye &#8211; 54500 Vandoeuvre-l\u00e8s-Nancy<\/p>\n<p> <strong>Date de d\u00e9but<\/strong> : 04\/11\/2025 12:30 <strong>Date de fin<\/strong> : 04\/11\/2025 13:30<\/p>\n<p align=\"left\"><strong>Mardi 4 novembre \u00e0 12h30, la biblioth\u00e8que universitaire Ing\u00e9nieurs Brabois vous propose un atelier croquis d\u2019une heure, anim\u00e9 par Mathias Mercier.<\/strong><\/p>\n<p align=\"left\">Dans cet atelier nomade, l\u2019artiste Mathias Mercier aiguille votre trait, votre regard et votre \u00e9motion pour dessiner ce, celles ou ceux qui vous entourent.<\/p>\n<p align=\"left\">Cette animation est \u00e0 destination des \u00e9tudiantes et \u00e9tudiants.<\/p>\n<p align=\"left\">Gratuit, accessible aux personnes \u00e0 mobilit\u00e9 r\u00e9duite. Entr\u00e9e sur inscription (places limit\u00e9es) <a href=\"https:\/\/rdv.univ-lorraine.fr\/ateliersbu\/ateliers-culture-decouverte-detente\/\" target=\"_blank\" rel=\"noopener nofollow\">ici<\/a>.<\/p>\n<p>\u00a0<\/p>\n<p><\/p>\n","protected":false},"excerpt":{"rendered":"Temps de lecture : 1 minute Informations pratiques Localisation : BU ing\u00e9nieurs Brabois &#8211; 2 avenue de la&hellip;\n","protected":false},"author":2,"featured_media":461435,"comment_status":"","ping_status":"","sticky":false,"template":"","format":"standard","meta":{"footnotes":""},"categories":[9635],"tags":[1111,11,1777,674,1011,27,775,1702,12,25],"class_list":{"0":"post-461434","1":"post","2":"type-post","3":"status-publish","4":"format-standard","5":"has-post-thumbnail","7":"category-nancy","8":"tag-actu","9":"tag-actualites","10":"tag-eu","11":"tag-europe","12":"tag-fr","13":"tag-france","14":"tag-grand-est","15":"tag-nancy","16":"tag-news","17":"tag-republique-francaise"},"share_on_mastodon":{"url":"https:\/\/pubeurope.com\/@fr\/115370451551602154","error":""},"_links":{"self":[{"href":"https:\/\/www.europesays.com\/fr\/wp-json\/wp\/v2\/posts\/461434","targetHints":{"allow":["GET"]}}],"collection":[{"href":"https:\/\/www.europesays.com\/fr\/wp-json\/wp\/v2\/posts"}],"about":[{"href":"https:\/\/www.europesays.com\/fr\/wp-json\/wp\/v2\/types\/post"}],"author":[{"embeddable":true,"href":"https:\/\/www.europesays.com\/fr\/wp-json\/wp\/v2\/users\/2"}],"replies":[{"embeddable":true,"href":"https:\/\/www.europesays.com\/fr\/wp-json\/wp\/v2\/comments?post=461434"}],"version-history":[{"count":0,"href":"https:\/\/www.europesays.com\/fr\/wp-json\/wp\/v2\/posts\/461434\/revisions"}],"wp:featuredmedia":[{"embeddable":true,"href":"https:\/\/www.europesays.com\/fr\/wp-json\/wp\/v2\/media\/461435"}],"wp:attachment":[{"href":"https:\/\/www.europesays.com\/fr\/wp-json\/wp\/v2\/media?parent=461434"}],"wp:term":[{"taxonomy":"category","embeddable":true,"href":"https:\/\/www.europesays.com\/fr\/wp-json\/wp\/v2\/categories?post=461434"},{"taxonomy":"post_tag","embeddable":true,"href":"https:\/\/www.europesays.com\/fr\/wp-json\/wp\/v2\/tags?post=461434"}],"curies":[{"name":"wp","href":"https:\/\/api.w.org\/{rel}","templated":true}]}}