{"id":461436,"date":"2025-10-14T03:42:34","date_gmt":"2025-10-14T03:42:34","guid":{"rendered":"https:\/\/www.europesays.com\/fr\/461436\/"},"modified":"2025-10-14T03:42:34","modified_gmt":"2025-10-14T03:42:34","slug":"le-reveil-du-sluc-nancy-et-une-premiere-victoire-a-boulazac","status":"publish","type":"post","link":"https:\/\/www.europesays.com\/fr\/461436\/","title":{"rendered":"Le r\u00e9veil du Sluc Nancy et une premi\u00e8re victoire \u00e0 Boulazac"},"content":{"rendered":"<p>Cette \u00e9quipe du <a href=\"https:\/\/www.lasemaine.fr\/category\/sport\/sluc\/\" data-type=\"category\" data-id=\"5734\" rel=\"nofollow noopener\" target=\"_blank\">Sluc Nancy<\/a>, qui jusque-l\u00e0 tournait \u00e0 vide, a rassur\u00e9. Presque rien n\u2019a cloch\u00e9. Bon, il y a eu encore quelques erreurs qui sont venues gratter le collectif, mais dans l\u2019ensemble, chacun a donn\u00e9 ce qu\u2019il fallait pour fabriquer un succ\u00e8s qui fait du bien au moral que la d\u00e9route subie \u00e0 Saint-Quentin en coupe de France avait mis sur le flan. Premi\u00e8re conclusion\u00a0: le souffle, l\u2019\u00e9lan, l\u2019investissement d\u00e9fensif sont revenus. Preuve que dans toutes les nuances de gris d\u2019un d\u00e9but de saison poussif on trouve toujours des raisons d\u2019esp\u00e9rer. Deuxi\u00e8me constat, il faut du temps pour additionner les temp\u00e9raments afin qu\u2019ils s\u2019int\u00e8grent dans un ensemble homog\u00e8ne. Egos passez votre chemin\u2026 Et s\u2019il y a eu encore quelques tentations d\u2019individualisme (n\u2019est-ce pas Landers Nolley, aussi talentueux que fantasque) beaucoup de probl\u00e8mes ont \u00e9t\u00e9 r\u00e9gl\u00e9s. La balle a mieux circul\u00e9, il y a eu plus de ma\u00eetrise, de rythme, de constance, d\u2019impact physique et de s\u00e9rieux. En d\u00e9fense, le curseur a \u00e9t\u00e9 rehauss\u00e9, le timing en attaque s\u2019est am\u00e9lior\u00e9. Il y a eu du caract\u00e8re, de la justesse dans les choix. Tr\u00e8s vite, le Sluc a pris la mesure de l\u2019adversaire, un projet s\u2019est dessin\u00e9, une identit\u00e9 s\u2019est profil\u00e9e.<\/p>\n<p>Poursuivre la phase de consolidation<\/p>\n<p>\u00c9videmment il reste du boulot, beaucoup. M\u00eame si l\u2019\u00e9quipe est apparue davantage en place, la phase de consolidation est \u00e0 poursuivre. Dans ce cadre, la question des ajustements de l\u2019effectif reste d\u2019actualit\u00e9. Faut-il ajouter une ou deux cartes ma\u00eetresses pour accro\u00eetre le potentiel\u00a0? Auquel cas, qui va devoir faire ses valises\u00a0? <a href=\"https:\/\/www.lasemaine.fr\/non-classe\/sluc-nancy-aurelien-fortier-nous-avons-des-joueurs-de-talent-mais-pas-de-stars-au-sens-pejoratif-du-terme\/\" data-type=\"post\" data-id=\"244860\" rel=\"nofollow noopener\" target=\"_blank\">Aur\u00e9lien Fortier<\/a>, le directoire, gardiens du temple budg\u00e9taire, et <a href=\"https:\/\/www.lasemaine.fr\/sport\/sluc\/sluc-nancy-un-meilleur-visage-contre-bourg-en-bresse-mais\/\" data-type=\"post\" data-id=\"403312\" rel=\"nofollow noopener\" target=\"_blank\">Sylvain Lauti\u00e9<\/a> r\u00e9fl\u00e9chissent.\u00a0La situation n\u2019est pas facile, le plus dur est de trancher, sereinement, sans lenteur ni exc\u00e8s de pr\u00e9cipitation.<br \/>Dans l\u2019imm\u00e9diat, le Sluc pr\u00e9pare le match contre Limoges (samedi 18\u00a0octobre 2025 \u00e0 18h20 \u00e0 Gentilly). L\u2019occasion d\u2019ajouter une victoire\u00a0? Ce serait l\u2019id\u00e9al, mais c\u2019est loin d\u2019\u00eatre fait.<\/p>\n","protected":false},"excerpt":{"rendered":"Cette \u00e9quipe du Sluc Nancy, qui jusque-l\u00e0 tournait \u00e0 vide, a rassur\u00e9. Presque rien n\u2019a cloch\u00e9. Bon, il&hellip;\n","protected":false},"author":2,"featured_media":461437,"comment_status":"","ping_status":"","sticky":false,"template":"","format":"standard","meta":{"footnotes":""},"categories":[9635],"tags":[1111,11,1777,674,1011,27,775,1702,12,25],"class_list":{"0":"post-461436","1":"post","2":"type-post","3":"status-publish","4":"format-standard","5":"has-post-thumbnail","7":"category-nancy","8":"tag-actu","9":"tag-actualites","10":"tag-eu","11":"tag-europe","12":"tag-fr","13":"tag-france","14":"tag-grand-est","15":"tag-nancy","16":"tag-news","17":"tag-republique-francaise"},"share_on_mastodon":{"url":"https:\/\/pubeurope.com\/@fr\/115370455430699457","error":""},"_links":{"self":[{"href":"https:\/\/www.europesays.com\/fr\/wp-json\/wp\/v2\/posts\/461436","targetHints":{"allow":["GET"]}}],"collection":[{"href":"https:\/\/www.europesays.com\/fr\/wp-json\/wp\/v2\/posts"}],"about":[{"href":"https:\/\/www.europesays.com\/fr\/wp-json\/wp\/v2\/types\/post"}],"author":[{"embeddable":true,"href":"https:\/\/www.europesays.com\/fr\/wp-json\/wp\/v2\/users\/2"}],"replies":[{"embeddable":true,"href":"https:\/\/www.europesays.com\/fr\/wp-json\/wp\/v2\/comments?post=461436"}],"version-history":[{"count":0,"href":"https:\/\/www.europesays.com\/fr\/wp-json\/wp\/v2\/posts\/461436\/revisions"}],"wp:featuredmedia":[{"embeddable":true,"href":"https:\/\/www.europesays.com\/fr\/wp-json\/wp\/v2\/media\/461437"}],"wp:attachment":[{"href":"https:\/\/www.europesays.com\/fr\/wp-json\/wp\/v2\/media?parent=461436"}],"wp:term":[{"taxonomy":"category","embeddable":true,"href":"https:\/\/www.europesays.com\/fr\/wp-json\/wp\/v2\/categories?post=461436"},{"taxonomy":"post_tag","embeddable":true,"href":"https:\/\/www.europesays.com\/fr\/wp-json\/wp\/v2\/tags?post=461436"}],"curies":[{"name":"wp","href":"https:\/\/api.w.org\/{rel}","templated":true}]}}