{"id":461449,"date":"2025-10-14T03:53:12","date_gmt":"2025-10-14T03:53:12","guid":{"rendered":"https:\/\/www.europesays.com\/fr\/461449\/"},"modified":"2025-10-14T03:53:12","modified_gmt":"2025-10-14T03:53:12","slug":"perou-le-maire-de-lima-demissionne-pour-briguer-la-presidence","status":"publish","type":"post","link":"https:\/\/www.europesays.com\/fr\/461449\/","title":{"rendered":"P\u00e9rou : le maire de Lima d\u00e9missionne pour briguer la pr\u00e9sidence"},"content":{"rendered":"<p>Le maire ultra-conservateur de Lima, Rafael Lopez Aliaga, a annonc\u00e9 lundi 13\u00a0octobre sa d\u00e9mission pour se porter candidat \u00e0 la pr\u00e9sidence du P\u00e9rou lors du scrutin d\u2019avril prochain.<\/p>\n<p>Ce sera la deuxi\u00e8me fois que M. Lopez Aliaga, 64\u00a0ans, se pr\u00e9sentera \u00e0 la fonction supr\u00eame, apr\u00e8s 2021.<\/p>\n<p><strong>Lire aussi\u00a0: <\/strong> <a href=\"https:\/\/rennes.maville.com\/actu\/actudet_-perou-le-parlement-a-destitue-la-presidente-dina-boluarte-_54135-7013867_actu.Htm\" target=\"_blank\" rel=\"nofollow noopener\">P\u00e9rou\u00a0: le Parlement a destitu\u00e9 la pr\u00e9sidente Dina Boluarte<\/a><\/p>\n<p>Discours ferme contre le crime organis\u00e9<\/p>\n<p>Cet entrepreneur millionnaire, fid\u00e8le de l\u2019Opus Dei, au discours de fermet\u00e9 contre le crime organis\u00e9, est en t\u00eate des sondages d\u2019opinion, port\u00e9 par la mont\u00e9e de l\u2019ins\u00e9curit\u00e9 dans le pays andin.<\/p>\n<p><strong>\u00ab\u00a0J\u2019annonce ma d\u00e9mission du poste de maire de la municipalit\u00e9 m\u00e9tropolitaine de Lima pour me pr\u00e9senter aux primaires du parti R\u00e9novation Populaire\u00a0\u00bb<\/strong>, dont M. Lopez Aliaga est le principal dirigeant, a-t-il d\u00e9clar\u00e9 dans une lettre lue devant le conseil municipal.<\/p>\n<p><strong>Lire aussi\u00a0:<\/strong> <a href=\"https:\/\/rennes.maville.com\/actu\/actudet_-la-capitale-du-perou-paralysee-par-une-greve-de-chauffeurs-de-bus-_54135-7009487_actu.Htm\" target=\"_blank\" rel=\"nofollow noopener\">La capitale du P\u00e9rou paralys\u00e9e par une gr\u00e8ve de chauffeurs de bus<\/a><\/p>\n<p>Le P\u00e9rou traverse une grave crise s\u00e9curitaire, notamment en raison des groupes criminels qui pratiquent l\u2019extorsion et multiplient les assassinats.<\/p>\n<p>Entre autres mesures, Rafael Lopez Aliaga, qui \u00e9tait maire de Lima depuis 2022, propose que des tribunaux militaires jugent les criminels les plus dangereux qu\u2019il qualifie de <strong>\u00ab\u00a0terroristes urbains\u00a0\u00bb<\/strong>.<\/p>\n<p>\u00a0<\/p>\n","protected":false},"excerpt":{"rendered":"Le maire ultra-conservateur de Lima, Rafael Lopez Aliaga, a annonc\u00e9 lundi 13\u00a0octobre sa d\u00e9mission pour se porter candidat&hellip;\n","protected":false},"author":2,"featured_media":461450,"comment_status":"","ping_status":"","sticky":false,"template":"","format":"standard","meta":{"footnotes":""},"categories":[2821],"tags":[1111,11,829,58608,58607,1777,674,1011,27,58606,5107,12,10227,3227,584,25],"class_list":{"0":"post-461449","1":"post","2":"type-post","3":"status-publish","4":"format-standard","5":"has-post-thumbnail","7":"category-rennes","8":"tag-actu","9":"tag-actualites","10":"tag-bretagne","11":"tag-briguer","12":"tag-demissionne","13":"tag-eu","14":"tag-europe","15":"tag-fr","16":"tag-france","17":"tag-lima","18":"tag-maire","19":"tag-news","20":"tag-perou","21":"tag-presidence","22":"tag-rennes","23":"tag-republique-francaise"},"share_on_mastodon":{"url":"https:\/\/pubeurope.com\/@fr\/115370498661479601","error":""},"_links":{"self":[{"href":"https:\/\/www.europesays.com\/fr\/wp-json\/wp\/v2\/posts\/461449","targetHints":{"allow":["GET"]}}],"collection":[{"href":"https:\/\/www.europesays.com\/fr\/wp-json\/wp\/v2\/posts"}],"about":[{"href":"https:\/\/www.europesays.com\/fr\/wp-json\/wp\/v2\/types\/post"}],"author":[{"embeddable":true,"href":"https:\/\/www.europesays.com\/fr\/wp-json\/wp\/v2\/users\/2"}],"replies":[{"embeddable":true,"href":"https:\/\/www.europesays.com\/fr\/wp-json\/wp\/v2\/comments?post=461449"}],"version-history":[{"count":0,"href":"https:\/\/www.europesays.com\/fr\/wp-json\/wp\/v2\/posts\/461449\/revisions"}],"wp:featuredmedia":[{"embeddable":true,"href":"https:\/\/www.europesays.com\/fr\/wp-json\/wp\/v2\/media\/461450"}],"wp:attachment":[{"href":"https:\/\/www.europesays.com\/fr\/wp-json\/wp\/v2\/media?parent=461449"}],"wp:term":[{"taxonomy":"category","embeddable":true,"href":"https:\/\/www.europesays.com\/fr\/wp-json\/wp\/v2\/categories?post=461449"},{"taxonomy":"post_tag","embeddable":true,"href":"https:\/\/www.europesays.com\/fr\/wp-json\/wp\/v2\/tags?post=461449"}],"curies":[{"name":"wp","href":"https:\/\/api.w.org\/{rel}","templated":true}]}}