{"id":461451,"date":"2025-10-14T03:55:15","date_gmt":"2025-10-14T03:55:15","guid":{"rendered":"https:\/\/www.europesays.com\/fr\/461451\/"},"modified":"2025-10-14T03:55:15","modified_gmt":"2025-10-14T03:55:15","slug":"psg-strasbourg-larbitre-est-connu-ligue-1","status":"publish","type":"post","link":"https:\/\/www.europesays.com\/fr\/461451\/","title":{"rendered":"PSG-Strasbourg : l&rsquo;arbitre est connu &#8211; Ligue 1"},"content":{"rendered":"<p>La DTA (Direction Technique de l\u2019Arbitrage) vient de nommer l\u2019arbitre de la rencontre entre le PSG et Strasbourg, qui se jouera ce vendredi soir (20h45) en match d\u2019ouverture de la 8e journ\u00e9e de Ligue 1 (diffus\u00e9e sur Ligue 1+). C\u2019est M. Cl\u00e9ment Turpin qui a \u00e9t\u00e9 d\u00e9sign\u00e9 pour diriger cette affiche. Ce sera la premi\u00e8re fois de la saison que l\u2019arbitre international officiera au centre d\u2019un match du PSG.<\/p>\n","protected":false},"excerpt":{"rendered":"La DTA (Direction Technique de l\u2019Arbitrage) vient de nommer l\u2019arbitre de la rencontre entre le PSG et Strasbourg,&hellip;\n","protected":false},"author":2,"featured_media":461452,"comment_status":"","ping_status":"","sticky":false,"template":"","format":"standard","meta":{"footnotes":""},"categories":[2820],"tags":[1111,11,7699,19697,2834,1777,674,1011,27,775,12,32031,153,155,5486,25,3467,640,6949,5256],"class_list":{"0":"post-461451","1":"post","2":"type-post","3":"status-publish","4":"format-standard","5":"has-post-thumbnail","7":"category-strasbourg","8":"tag-actu","9":"tag-actualites","10":"tag-arbitre","11":"tag-connu","12":"tag-entre","13":"tag-eu","14":"tag-europe","15":"tag-fr","16":"tag-france","17":"tag-grand-est","18":"tag-news","19":"tag-nommer","20":"tag-parc","21":"tag-princes","22":"tag-rencontre","23":"tag-republique-francaise","24":"tag-soir","25":"tag-strasbourg","26":"tag-vendredi","27":"tag-vient"},"share_on_mastodon":{"url":"https:\/\/pubeurope.com\/@fr\/115370506672348309","error":""},"_links":{"self":[{"href":"https:\/\/www.europesays.com\/fr\/wp-json\/wp\/v2\/posts\/461451","targetHints":{"allow":["GET"]}}],"collection":[{"href":"https:\/\/www.europesays.com\/fr\/wp-json\/wp\/v2\/posts"}],"about":[{"href":"https:\/\/www.europesays.com\/fr\/wp-json\/wp\/v2\/types\/post"}],"author":[{"embeddable":true,"href":"https:\/\/www.europesays.com\/fr\/wp-json\/wp\/v2\/users\/2"}],"replies":[{"embeddable":true,"href":"https:\/\/www.europesays.com\/fr\/wp-json\/wp\/v2\/comments?post=461451"}],"version-history":[{"count":0,"href":"https:\/\/www.europesays.com\/fr\/wp-json\/wp\/v2\/posts\/461451\/revisions"}],"wp:featuredmedia":[{"embeddable":true,"href":"https:\/\/www.europesays.com\/fr\/wp-json\/wp\/v2\/media\/461452"}],"wp:attachment":[{"href":"https:\/\/www.europesays.com\/fr\/wp-json\/wp\/v2\/media?parent=461451"}],"wp:term":[{"taxonomy":"category","embeddable":true,"href":"https:\/\/www.europesays.com\/fr\/wp-json\/wp\/v2\/categories?post=461451"},{"taxonomy":"post_tag","embeddable":true,"href":"https:\/\/www.europesays.com\/fr\/wp-json\/wp\/v2\/tags?post=461451"}],"curies":[{"name":"wp","href":"https:\/\/api.w.org\/{rel}","templated":true}]}}