{"id":461474,"date":"2025-10-14T04:08:10","date_gmt":"2025-10-14T04:08:10","guid":{"rendered":"https:\/\/www.europesays.com\/fr\/461474\/"},"modified":"2025-10-14T04:08:10","modified_gmt":"2025-10-14T04:08:10","slug":"une-minute-de-silence-pour-samuel-paty-et-dominique-bernard-dans-les-ecoles-lyonnaises-ce-mardi","status":"publish","type":"post","link":"https:\/\/www.europesays.com\/fr\/461474\/","title":{"rendered":"Une minute de silence pour Samuel Paty et Dominique Bernard dans les \u00e9coles lyonnaises ce mardi"},"content":{"rendered":"<p itemprop=\"description\"><strong>Dans toutes les \u00e9coles, coll\u00e8ges et lyc\u00e9es de l\u2019acad\u00e9mie de Lyon, une minute de silence rappellera l\u2019importance des valeurs r\u00e9publicaines.<\/strong><\/p>\n<p>Cinq ans apr\u00e8s l\u2019assassinat de Samuel Paty et deux ans apr\u00e8s celui de Dominique Bernard, l\u2019\u00c9ducation nationale s\u2019appr\u00eate \u00e0 leur rendre un nouvel hommage. \u00ab\u00a0\u00c0 deux reprises, des professeurs ont \u00e9t\u00e9 cibl\u00e9s et assassin\u00e9s, victimes du terrorisme islamiste. L\u2019\u00c9ducation nationale et la Nation leur rendent hommage, car ils sont morts dans l\u2019exercice de leur m\u00e9tier et pour les valeurs que leur souvenir continue d\u2019incarner,\u00a0\u00bb rappelle le minist\u00e8re de l\u2019\u00c9ducation nationale.<\/p>\n<p>Ce mardi 14 octobre, \u00e0 10 heures,\u00a0une minute de silence sera observ\u00e9e dans l\u2019ensemble des \u00e9tablissements de l\u2019acad\u00e9mie de Lyon, \u00ab\u00a0dans un profond recueillement\u00a0\u00bb, indique le rectorat. Des temps d\u2019\u00e9changes et de r\u00e9flexion sont \u00e9galement pr\u00e9vus \u00ab\u00a0afin de permettre aux \u00e9l\u00e8ves de revenir sur les valeurs de libert\u00e9, de la\u00efcit\u00e9 et de respect mutuel qui fondent notre vivre-ensemble.\u00a0\u00bb<\/p>\n<p>Les autorit\u00e9s locales ont choisi le lyc\u00e9e Parc Chabri\u00e8res \u00e0 Oullins (Rh\u00f4ne), comme lieu central de la comm\u00e9moration.\u00a0La c\u00e9r\u00e9monie officielle se d\u00e9roulera en pr\u00e9sence de Fabienne Buccio, pr\u00e9f\u00e8te de r\u00e9gion Auvergne-Rh\u00f4ne-Alpes, pr\u00e9f\u00e8te de la zone de d\u00e9fense et de s\u00e9curit\u00e9 sud-est, pr\u00e9f\u00e8te du Rh\u00f4ne, Anne Bisagni-Faure, rectrice de la r\u00e9gion acad\u00e9mique Auvergne-Rh\u00f4ne-Alpes, rectrice de l\u2019acad\u00e9mie de Lyon, chanceli\u00e8re des universit\u00e9s et Arnaud Leclerc, inspecteur d\u2019acad\u00e9mie, directeur acad\u00e9mique des services de l\u2019\u00c9ducation nationale du Rh\u00f4ne.<\/p>\n<p>Au lyc\u00e9e Parc Chabri\u00e8res, l\u2019hommage associera des \u00e9l\u00e8ves de Premi\u00e8re ayant particip\u00e9 au Prix national Samuel Paty l\u2019an dernier. La communaut\u00e9 \u00e9ducative \u00ab\u00a0se rassemblera pour honorer leur m\u00e9moire et affirmer, avec gravit\u00e9 et \u00e9motion, son attachement aux valeurs de la R\u00e9publique.\u00a0\u00bb<\/p>\n","protected":false},"excerpt":{"rendered":"Dans toutes les \u00e9coles, coll\u00e8ges et lyc\u00e9es de l\u2019acad\u00e9mie de Lyon, une minute de silence rappellera l\u2019importance des&hellip;\n","protected":false},"author":2,"featured_media":461475,"comment_status":"","ping_status":"","sticky":false,"template":"","format":"standard","meta":{"footnotes":""},"categories":[1889],"tags":[1111,11,2813,2190,2430,1109,251,1112,2811,1777,674,118,1011,27,1922,1110,1114,2428,2810,12,241,316,25,2812,517,800],"class_list":{"0":"post-461474","1":"post","2":"type-post","3":"status-publish","4":"format-standard","5":"has-post-thumbnail","7":"category-lyon","8":"tag-actu","9":"tag-actualites","10":"tag-article","11":"tag-asvel","12":"tag-auvergne-rhone-alpes","13":"tag-breves","14":"tag-culture","15":"tag-depeches","16":"tag-economique","17":"tag-eu","18":"tag-europe","19":"tag-faits-divers","20":"tag-fr","21":"tag-france","22":"tag-info","23":"tag-informations","24":"tag-infos","25":"tag-lyon","26":"tag-lyonmag","27":"tag-news","28":"tag-ol","29":"tag-politique","30":"tag-republique-francaise","31":"tag-sociale","32":"tag-sport","33":"tag-transports"},"share_on_mastodon":{"url":"https:\/\/pubeurope.com\/@fr\/115370557680288043","error":""},"_links":{"self":[{"href":"https:\/\/www.europesays.com\/fr\/wp-json\/wp\/v2\/posts\/461474","targetHints":{"allow":["GET"]}}],"collection":[{"href":"https:\/\/www.europesays.com\/fr\/wp-json\/wp\/v2\/posts"}],"about":[{"href":"https:\/\/www.europesays.com\/fr\/wp-json\/wp\/v2\/types\/post"}],"author":[{"embeddable":true,"href":"https:\/\/www.europesays.com\/fr\/wp-json\/wp\/v2\/users\/2"}],"replies":[{"embeddable":true,"href":"https:\/\/www.europesays.com\/fr\/wp-json\/wp\/v2\/comments?post=461474"}],"version-history":[{"count":0,"href":"https:\/\/www.europesays.com\/fr\/wp-json\/wp\/v2\/posts\/461474\/revisions"}],"wp:featuredmedia":[{"embeddable":true,"href":"https:\/\/www.europesays.com\/fr\/wp-json\/wp\/v2\/media\/461475"}],"wp:attachment":[{"href":"https:\/\/www.europesays.com\/fr\/wp-json\/wp\/v2\/media?parent=461474"}],"wp:term":[{"taxonomy":"category","embeddable":true,"href":"https:\/\/www.europesays.com\/fr\/wp-json\/wp\/v2\/categories?post=461474"},{"taxonomy":"post_tag","embeddable":true,"href":"https:\/\/www.europesays.com\/fr\/wp-json\/wp\/v2\/tags?post=461474"}],"curies":[{"name":"wp","href":"https:\/\/api.w.org\/{rel}","templated":true}]}}