{"id":461487,"date":"2025-10-14T04:15:31","date_gmt":"2025-10-14T04:15:31","guid":{"rendered":"https:\/\/www.europesays.com\/fr\/461487\/"},"modified":"2025-10-14T04:15:31","modified_gmt":"2025-10-14T04:15:31","slug":"nicolas-sarkozy-sera-incarcere-a-la-prison-de-la-sante-a-paris-le-21-octobre","status":"publish","type":"post","link":"https:\/\/www.europesays.com\/fr\/461487\/","title":{"rendered":"Nicolas Sarkozy sera incarc\u00e9r\u00e9 \u00e0 la prison de la Sant\u00e9, \u00e0 Paris, le 21 octobre"},"content":{"rendered":"<p>Nicolas Sarkozy sera incarc\u00e9r\u00e9, \u00e0 compter du mardi 21\u00a0octobre 2025, \u00e0 la maison d\u2019arr\u00eat de la Sant\u00e9, \u00e0 Paris. <a target=\"_self\" href=\"https:\/\/www.lanouvellerepublique.fr\/a-la-une\/financement-libyen-nicolas-sarkozy-s-est-vu-notifier-les-modalites-de-son-incarceration-1760361980\" rel=\"nofollow noopener\">La d\u00e9cision a \u00e9t\u00e9 rendue par le tribunal de Paris<\/a>, lundi 13\u00a0octobre. Ni son avocat Christophe Ingrain, ni le Parquet national financier (PNF) n\u2019ont toutefois souhait\u00e9 s\u2019exprimer sur la date et le lieu de l\u2019incarc\u00e9ration de l\u2019ex-pr\u00e9sident, une premi\u00e8re dans l\u2019histoire de la R\u00e9publique fran\u00e7aise.<\/p>\n<p>En fin de journ\u00e9e, des sources proches du dossier ont cependant indiqu\u00e9 que l\u2019ex-pr\u00e9sident devra se pr\u00e9senter, le 21\u00a0octobre, \u00e0 la prison de la Sant\u00e9, dans le 14e arrondissement de Paris, pour y \u00eatre \u00e9crou\u00e9, <a target=\"_blank\" href=\"https:\/\/www.rtl.fr\/actu\/justice-faits-divers\/incarceration-de-nicolas-sarkozy-l-ancien-president-est-arrive-au-parquet-national-financier-7900552180\" rel=\"nofollow noopener\">confirmant une information de <\/a><a target=\"_blank\" href=\"https:\/\/www.rtl.fr\/actu\/justice-faits-divers\/incarceration-de-nicolas-sarkozy-l-ancien-president-est-arrive-au-parquet-national-financier-7900552180\" rel=\"nofollow noopener\">RTL<\/a>. Convoqu\u00e9 par le PNF, Nicolas Sarkozy est arriv\u00e9 au tribunal judiciaire de Paris vers 13\u00a0h\u00a045 \u00e0 bord d\u2019une voiture aux vitres fum\u00e9es, avant d\u2019en repartir peu avant 14\u00a0h\u00a030 sans faire de d\u00e9claration.<\/p>\n<p>Le 25\u00a0septembre dernier, le tribunal correctionnel de Paris l\u2019a d\u00e9clar\u00e9 <a target=\"_self\" href=\"https:\/\/www.lanouvellerepublique.fr\/a-la-une\/des-faits-d-une-gravite-exceptionnelle-la-condamnation-historique-de-nicolas-sarkozy-1758823924\" rel=\"nofollow noopener\">coupable d\u2019association de malfaiteurs<\/a> et l\u2019a condamn\u00e9 \u00e0 cinq ans de prison ferme pour avoir laiss\u00e9 ses plus proches collaborateurs d\u00e9marcher la Libye de Mouammar Kadhafi en vue d\u2019un financement ill\u00e9gal de sa campagne pr\u00e9sidentielle victorieuse de 2007. Bien qu\u2019ayant fait appel du jugement, Nicolas Sarkozy va \u00eatre incarc\u00e9r\u00e9 en raison du mandat de d\u00e9p\u00f4t \u00e0 effet diff\u00e9r\u00e9 avec ex\u00e9cution provisoire prononc\u00e9e \u00e0 son encontre.<\/p>\n<p>Quartier vuln\u00e9rable ou isolement pour sa s\u00e9curit\u00e9<\/p>\n<p>La maison d\u2019arr\u00eat de la Sant\u00e9 est une des deux seules en r\u00e9gion parisienne, avec Fleury-M\u00e9rogis (Essonne), \u00e0 disposer d\u2019un \u00ab\u00a0quartier vuln\u00e9rable\u00a0\u00bb (QPV), o\u00f9 sont d\u00e9tenues les personnalit\u00e9s. Mais l\u2019ex-pr\u00e9sident pourrait aussi y \u00eatre plac\u00e9 \u00e0 l\u2019isolement pour assurer sa s\u00e9curit\u00e9. Contrairement aux deux autres condamn\u00e9s avec mandat de d\u00e9p\u00f4t dans ce proc\u00e8s, Nicolas Sarkozy a b\u00e9n\u00e9fici\u00e9 d\u2019un d\u00e9lai avant son incarc\u00e9ration pour prendre ses dispositions professionnelles.<\/p>\n<p>D\u00e8s son entr\u00e9e en prison, la d\u00e9fense de Nicolas Sarkozy pourra d\u00e9poser une demande de mise en libert\u00e9 devant la cour d\u2019appel. Celle-ci a un maximum de deux mois pour statuer sur cette demande. En cas de rejet, il pourra d\u00e9poser de nouvelles demandes.<\/p>\n<p>Les sept pr\u00e9venus condamn\u00e9s dans le proc\u00e8s libyen ont fait appel, de m\u00eame que le PNF. Le minist\u00e8re public a aussi fait appel de relaxes prononc\u00e9es par le tribunal de Paris, comme celle d\u2019\u00c9ric Woerth, tr\u00e9sorier de la campagne de 2007.\u00a0Un nouveau proc\u00e8s se tiendra donc au cours des prochains mois devant la cour d\u2019appel de Paris.<\/p>\n<p>Critiqu\u00e9e \u00e0 droite et \u00e0 l\u2019extr\u00eame droite, l\u2019incarc\u00e9ration de Nicolas Sarkozy avant son appel est estim\u00e9e \u00ab\u00a0juste\u00a0\u00bb par 61\u00a0% des sond\u00e9s, contre 38\u00a0% qui la trouvent \u00ab\u00a0injuste\u00a0\u00bb, selon <a target=\"_blank\" href=\"https:\/\/elabe.fr\/condamnation-sarkozy\/\" rel=\"nofollow noopener\">un sondage Elabe<\/a>\u00a0pour BFMTV, r\u00e9alis\u00e9 du 29 au 30\u00a0septembre.<\/p>\n","protected":false},"excerpt":{"rendered":"Nicolas Sarkozy sera incarc\u00e9r\u00e9, \u00e0 compter du mardi 21\u00a0octobre 2025, \u00e0 la maison d\u2019arr\u00eat de la Sant\u00e9, \u00e0&hellip;\n","protected":false},"author":2,"featured_media":461488,"comment_status":"","ping_status":"","sticky":false,"template":"","format":"standard","meta":{"footnotes":""},"categories":[1888],"tags":[328,11,1777,674,274,1011,27,329,303,12,626,316,25],"class_list":{"0":"post-461487","1":"post","2":"type-post","3":"status-publish","4":"format-standard","5":"has-post-thumbnail","7":"category-paris","8":"tag-a-la-une","9":"tag-actualites","10":"tag-eu","11":"tag-europe","12":"tag-faits-divers-justice","13":"tag-fr","14":"tag-france","15":"tag-france-monde","16":"tag-justice","17":"tag-news","18":"tag-paris","19":"tag-politique","20":"tag-republique-francaise"},"share_on_mastodon":{"url":"https:\/\/pubeurope.com\/@fr\/115370585349083812","error":""},"_links":{"self":[{"href":"https:\/\/www.europesays.com\/fr\/wp-json\/wp\/v2\/posts\/461487","targetHints":{"allow":["GET"]}}],"collection":[{"href":"https:\/\/www.europesays.com\/fr\/wp-json\/wp\/v2\/posts"}],"about":[{"href":"https:\/\/www.europesays.com\/fr\/wp-json\/wp\/v2\/types\/post"}],"author":[{"embeddable":true,"href":"https:\/\/www.europesays.com\/fr\/wp-json\/wp\/v2\/users\/2"}],"replies":[{"embeddable":true,"href":"https:\/\/www.europesays.com\/fr\/wp-json\/wp\/v2\/comments?post=461487"}],"version-history":[{"count":0,"href":"https:\/\/www.europesays.com\/fr\/wp-json\/wp\/v2\/posts\/461487\/revisions"}],"wp:featuredmedia":[{"embeddable":true,"href":"https:\/\/www.europesays.com\/fr\/wp-json\/wp\/v2\/media\/461488"}],"wp:attachment":[{"href":"https:\/\/www.europesays.com\/fr\/wp-json\/wp\/v2\/media?parent=461487"}],"wp:term":[{"taxonomy":"category","embeddable":true,"href":"https:\/\/www.europesays.com\/fr\/wp-json\/wp\/v2\/categories?post=461487"},{"taxonomy":"post_tag","embeddable":true,"href":"https:\/\/www.europesays.com\/fr\/wp-json\/wp\/v2\/tags?post=461487"}],"curies":[{"name":"wp","href":"https:\/\/api.w.org\/{rel}","templated":true}]}}