{"id":461489,"date":"2025-10-14T04:16:30","date_gmt":"2025-10-14T04:16:30","guid":{"rendered":"https:\/\/www.europesays.com\/fr\/461489\/"},"modified":"2025-10-14T04:16:30","modified_gmt":"2025-10-14T04:16:30","slug":"sofiane-sehili-cycliste-dendurance-francais-se-trouve-en-detention-provisoire-en-russie","status":"publish","type":"post","link":"https:\/\/www.europesays.com\/fr\/461489\/","title":{"rendered":"Sofiane Sehili, cycliste d\u2019endurance fran\u00e7ais, se\u00a0trouve en\u00a0d\u00e9tention provisoire en\u00a0Russie"},"content":{"rendered":"<p>                          <img loading=\"lazy\" decoding=\"async\" src=\"https:\/\/www.europesays.com\/fr\/wp-content\/uploads\/2025\/10\/029eaa4_upload-1-jkosayoihngk-rea9692481.jpg\" alt=\"Le cycliste fran\u00e7ais Sofiane Sehili, dans le Colorado (Etats-Unis), le 18\u00a0juin\u00a02022.\"   width=\"664\" height=\"443\"\/>    Le cycliste fran\u00e7ais Sofiane Sehili, dans le Colorado (Etats-Unis), le 18\u00a0juin\u00a02022.  DANIEL BRENNER\/\u00ab\u00a0THE NEW YORK TIMES\u00a0\u00bb\/REA                          <\/p>\n<p class=\"article__paragraph  \">Sofiane Sehili, cycliste d\u2019endurance fran\u00e7ais, a \u00e9t\u00e9 arr\u00eat\u00e9 \u00e0 Vladivostok, dans l\u2019Extr\u00eame-Orient russe, au terme de son projet de battre le record du monde de la travers\u00e9e eurasienne \u00e0 v\u00e9lo, un parcours reliant Lisbonne \u00e0 Vladivostok. Selon les informations du Monde, Sofiane Sehili se trouve actuellement en d\u00e9tention provisoire, accus\u00e9 de franchissement ill\u00e9gal de\u00a0la fronti\u00e8re.<\/p>\n<p class=\"article__paragraph  \">Le 2\u00a0septembre, le Fran\u00e7ais, parti de la capitale portugaise le 1er\u00a0juillet, avait, <a href=\"https:\/\/www.lequipe.fr\/Cyclisme-sur-route\/Actualites\/-c-est-dechirant-bloque-a-la-frontiere-sino-russe-par-les-douaniers-sofiane-sehili-doit-renoncer-au-record-eurasien-a-velo\/1589901\" target=\"_blank\" rel=\"noopener\" title=\"Nouvelle fen\u00eatre\">selon L\u2019Equipe<\/a>, affirm\u00e9 sur son compte Instagram dans une \u00ab\u00a0story\u00a0\u00bb (vid\u00e9o \u00e9ph\u00e9m\u00e8re\u00a0qui dispara\u00eet au bout de vingt-quatre heures) qu\u2019il \u00e9tait bloqu\u00e9 \u00e0 la fronti\u00e8re sino-russe, par des douaniers, apr\u00e8s avoir tent\u00e9 de p\u00e9n\u00e9trer sur le territoire russe deux fois, via deux fronti\u00e8res \u00e9loign\u00e9es de 200\u00a0kilom\u00e8tres l\u2019une de l\u2019autre.<\/p>\n<p class=\"article__paragraph  \">A en croire d\u2019autres vid\u00e9os publi\u00e9es sur Instagram et toujours en ligne, il \u00e9tait pass\u00e9 par le Tadjikistan, la Mongolie puis la Chine, o\u00f9 il avait sembl\u00e9 mettre son p\u00e9riple en suspens. \u00ab\u00a0Echouer si pr\u00e8s du but, c\u2019est d\u00e9chirant. D\u00e9sormais, j\u2019ai dix mois pour d\u00e9cider si je veux repartir une nouvelle fois pour ce record\u2026 ou s\u2019il restera un \u00e9chec pour toujours\u00a0\u00bb, avait-il ensuite comment\u00e9 dans sa \u00ab\u00a0story\u00a0\u00bb.<\/p>\n<p>                    Le consulat de France mobilis\u00e9                    <\/p>\n<p class=\"article__paragraph  \">Ag\u00e9 de 44\u00a0ans, Sofiane Sehili a quitt\u00e9 son m\u00e9tier de documentaliste en\u00a02012 pour se lancer dans le cyclisme d\u2019endurance. Depuis, il a particip\u00e9 \u00e0 une vingtaine de courses majeures. Il a remport\u00e9 onze courses, \u00e0 commencer par le prestigieux Tour Divide et ses 4\u00a0500\u00a0kilom\u00e8tres reliant le Canada \u00e0 la fronti\u00e8re mexicaine, en\u00a02022.<\/p>\n<p class=\"article__paragraph  \">Selon nos informations, le consulat de France se mobilise pour lui fournir de l\u2019aide.<\/p>\n<p class=\"article__author-container\"> <a class=\"article__author-link\" href=\"https:\/\/www.lemonde.fr\/signataires\/reutilisation-vierge\/\" target=\"_blank\" rel=\"noopener\"> Le Monde<\/a>  <\/p>\n<p>                  <a href=\"https:\/\/www.lemonde.fr\/syndication\/\" class=\"reuse__content\" title=\"R\u00e9utiliser ce contenu\" target=\"_blank\" rel=\"noopener\">R\u00e9utiliser ce contenu<\/a>      <\/p>\n","protected":false},"excerpt":{"rendered":"Le cycliste fran\u00e7ais Sofiane Sehili, dans le Colorado (Etats-Unis), le 18\u00a0juin\u00a02022. DANIEL BRENNER\/\u00ab\u00a0THE NEW YORK TIMES\u00a0\u00bb\/REA Sofiane Sehili,&hellip;\n","protected":false},"author":2,"featured_media":461490,"comment_status":"","ping_status":"","sticky":false,"template":"","format":"standard","meta":{"footnotes":""},"categories":[1591],"tags":[11,1887,12,1885,1886,132],"class_list":{"0":"post-461489","1":"post","2":"type-post","3":"status-publish","4":"format-standard","5":"has-post-thumbnail","7":"category-russie","8":"tag-actualites","9":"tag-federation-de-russie","10":"tag-news","11":"tag-russia","12":"tag-russian-federation","13":"tag-russie"},"share_on_mastodon":{"url":"https:\/\/pubeurope.com\/@fr\/115370589633076623","error":""},"_links":{"self":[{"href":"https:\/\/www.europesays.com\/fr\/wp-json\/wp\/v2\/posts\/461489","targetHints":{"allow":["GET"]}}],"collection":[{"href":"https:\/\/www.europesays.com\/fr\/wp-json\/wp\/v2\/posts"}],"about":[{"href":"https:\/\/www.europesays.com\/fr\/wp-json\/wp\/v2\/types\/post"}],"author":[{"embeddable":true,"href":"https:\/\/www.europesays.com\/fr\/wp-json\/wp\/v2\/users\/2"}],"replies":[{"embeddable":true,"href":"https:\/\/www.europesays.com\/fr\/wp-json\/wp\/v2\/comments?post=461489"}],"version-history":[{"count":0,"href":"https:\/\/www.europesays.com\/fr\/wp-json\/wp\/v2\/posts\/461489\/revisions"}],"wp:featuredmedia":[{"embeddable":true,"href":"https:\/\/www.europesays.com\/fr\/wp-json\/wp\/v2\/media\/461490"}],"wp:attachment":[{"href":"https:\/\/www.europesays.com\/fr\/wp-json\/wp\/v2\/media?parent=461489"}],"wp:term":[{"taxonomy":"category","embeddable":true,"href":"https:\/\/www.europesays.com\/fr\/wp-json\/wp\/v2\/categories?post=461489"},{"taxonomy":"post_tag","embeddable":true,"href":"https:\/\/www.europesays.com\/fr\/wp-json\/wp\/v2\/tags?post=461489"}],"curies":[{"name":"wp","href":"https:\/\/api.w.org\/{rel}","templated":true}]}}