{"id":461491,"date":"2025-10-14T04:17:11","date_gmt":"2025-10-14T04:17:11","guid":{"rendered":"https:\/\/www.europesays.com\/fr\/461491\/"},"modified":"2025-10-14T04:17:11","modified_gmt":"2025-10-14T04:17:11","slug":"decus-et-decevants-contre-lislande-les-bleus-donnent-rendez-vous-le-13-novembre","status":"publish","type":"post","link":"https:\/\/www.europesays.com\/fr\/461491\/","title":{"rendered":"d\u00e9\u00e7us et d\u00e9cevants contre l\u2019Islande, les Bleus donnent rendez-vous le 13 novembre"},"content":{"rendered":"<p>\n    Les joueurs de l\u2019\u00e9quipe de France, avant de reprendre l\u2019avion pour Paris lundi soir, ont analys\u00e9 le match nul d\u00e9cevant (2-2) contre l\u2019Islande.<\/p>\n<p class=\"fig-paragraph\"><strong>Jean-Philippe Mateta\u00a0:<\/strong> \u00ab\u00a0<a href=\"http:\/\/www.lefigaro.fr\/sports\/football\/coupe-du-monde\/les-bleus-tenus-en-echec-en-islande-la-qualification-pour-la-coupe-du-monde-2026-attendra-20251013\" data-fig-type=\"NewsFlash\" data-gtm-custom-categorie=\"navigation\" data-gtm-custom-action=\"crossclick\" data-gtm-custom-label=\"Contextuel\" data-gtm-event=\"customEventSPE\" data-fig-domain=\"LEFIGARO\" target=\"_blank\" rel=\"noopener\">Ce n\u2019est pas d\u00e9cevant<\/a>, on n\u2019a pas perdu. On aimerait gagner tous les matchs\u2026 Contre un bloc bas, on s\u2019est quand m\u00eame cr\u00e9\u00e9 des occasions. Il aurait fallu les mettre au fond, eux ont marqu\u00e9 contre le cours du jeu et cela nous a fait mal.\u00a0<a href=\"http:\/\/www.lefigaro.fr\/sports\/football\/coupe-du-monde\/islande-france-en-video-le-premier-but-islandais-qui-piege-les-bleus-20251013\" data-fig-type=\"NewsFlash\" data-gtm-custom-categorie=\"navigation\" data-gtm-custom-action=\"crossclick\" data-gtm-custom-label=\"Contextuel\" data-gtm-event=\"customEventSPE\" data-fig-domain=\"LEFIGARO\" target=\"_blank\" rel=\"noopener\">Mon but\u00a0?<\/a>\u00a0Akliouche avait le ballon, j\u2019ai coup\u00e9 au deuxi\u00e8me poteau. C\u2019est une grande fiert\u00e9, je suis tr\u00e8s content. Est-ce que j\u2019ai marqu\u00e9 des points\u00a0? J\u2019esp\u00e8re, j\u2019ai donn\u00e9 100 % en tout cas. Le deuxi\u00e8me but nous frustre. Il y a de l\u2019enjeu \u00e0 tous les matchs, on va se concentrer pour les prochains matchs.\u00bb<\/p>\n<p class=\"fig-paragraph\"><strong>Khephren Thuram\u00a0:<\/strong> \u00ab On a su revenir et faire mieux en deuxi\u00e8me p\u00e9riode, mettre plus de rythme. Pourquoi pas avant\u00a0? C\u2019est dur \u00e0 expliquer, le bloc \u00e9tait dense, difficile \u00e0 bouger. Cela fait partie du jeu, chaque \u00e9quipe a sa tactique, il faut essayer de bien les man\u0153uvrer pour pouvoir ouvrir le score. \u00c0 2-1, il faut savoir ne pas prendre de but tout court, encore moins directement. Il reste deux matchs, il faut savoir finir le travail contre l\u2019Ukraine en gagnant.\u00bb<\/p>\n<blockquote class=\"fig-quote&#10;    \">\n<p class=\"fig-quote__text\">\u00ab Sur le premier but, je pense qu\u2019il y a faute, je suis pouss\u00e9 donc \u00e7a veut dire que le joueur adverse ne joue pas le ballon\u00a0\u00bb<\/p>\n<p>            Manu Kon\u00e9\n    <\/p><\/blockquote>\n<p>                                    <a class=\"fig-a11y-skip a11y-hidden\" href=\"#fig-a11y-skip-main-inarticle\"><br \/>\n        Passer la publicit\u00e9<br \/>\n    <\/a><\/p>\n<p class=\"fig-paragraph\"><strong>Manu Kon\u00e9\u00a0:<\/strong> \u00ab Cela a \u00e9t\u00e9 un peu compliqu\u00e9, l\u2019Islande a mis le bus dans sa surface, surtout apr\u00e8s son premier but. Il fallait trouver les solutions, c\u2019\u00e9tait d\u00e9j\u00e0 mieux en fin de premi\u00e8re mi-temps. On a continu\u00e9 en deuxi\u00e8me, on a trouv\u00e9 les bons d\u00e9calages, \u00e7a nous a souri. Sur le premier but, je pense qu\u2019il y a faute, je suis pouss\u00e9 donc \u00e7a veut dire que le joueur adverse ne joue pas le ballon. Il faut finir le boulot contre l\u2019Ukraine, il y aura aussi un match contre l\u2019Azerba\u00efdjan, on est des pros on va faire le job jusqu\u2019au bout.\u00bb<\/p>\n<p class=\"fig-paragraph\"><strong>Dayot Upamecano\u00a0:<\/strong> \u00ab C\u2019\u00e9tait un match compliqu\u00e9, on s\u2019y attendait, le coach nous avait pr\u00e9venus. On a r\u00e9ussi \u00e0 prendre un point, ce n\u2019est pas une contre-performance. On aurait pu faire mieux en premi\u00e8re p\u00e9riode, on a aussi commis beaucoup d\u2019erreurs et \u00e7a nous servira pour la suite. Sur le deuxi\u00e8me but, on \u00e9tait trop haut, moi j\u2019\u00e9tais un peu trop haut, Jules (Kound\u00e9) \u00e9tait mal align\u00e9. On va apprendre de ces erreurs pour avancer. Ce ne sera pas facile mais on va tout faire pour se qualifier pour la Coupe du monde. On esp\u00e8re faire beaucoup mieux sur le prochain rassemblement.\u00a0\u00bb<\/p>\n","protected":false},"excerpt":{"rendered":"Les joueurs de l\u2019\u00e9quipe de France, avant de reprendre l\u2019avion pour Paris lundi soir, ont analys\u00e9 le match&hellip;\n","protected":false},"author":2,"featured_media":461492,"comment_status":"","ping_status":"","sticky":false,"template":"","format":"standard","meta":{"footnotes":""},"categories":[1590],"tags":[11,20532,6713,1777,674,6477,12,220],"class_list":{"0":"post-461491","1":"post","2":"type-post","3":"status-publish","4":"format-standard","5":"has-post-thumbnail","7":"category-ukraine","8":"tag-actualites","9":"tag-didier-deschamps","10":"tag-equipe-de-france-de-football","11":"tag-eu","12":"tag-europe","13":"tag-kylian-mbappe","14":"tag-news","15":"tag-ukraine"},"share_on_mastodon":{"url":"https:\/\/pubeurope.com\/@fr\/115370593099228789","error":""},"_links":{"self":[{"href":"https:\/\/www.europesays.com\/fr\/wp-json\/wp\/v2\/posts\/461491","targetHints":{"allow":["GET"]}}],"collection":[{"href":"https:\/\/www.europesays.com\/fr\/wp-json\/wp\/v2\/posts"}],"about":[{"href":"https:\/\/www.europesays.com\/fr\/wp-json\/wp\/v2\/types\/post"}],"author":[{"embeddable":true,"href":"https:\/\/www.europesays.com\/fr\/wp-json\/wp\/v2\/users\/2"}],"replies":[{"embeddable":true,"href":"https:\/\/www.europesays.com\/fr\/wp-json\/wp\/v2\/comments?post=461491"}],"version-history":[{"count":0,"href":"https:\/\/www.europesays.com\/fr\/wp-json\/wp\/v2\/posts\/461491\/revisions"}],"wp:featuredmedia":[{"embeddable":true,"href":"https:\/\/www.europesays.com\/fr\/wp-json\/wp\/v2\/media\/461492"}],"wp:attachment":[{"href":"https:\/\/www.europesays.com\/fr\/wp-json\/wp\/v2\/media?parent=461491"}],"wp:term":[{"taxonomy":"category","embeddable":true,"href":"https:\/\/www.europesays.com\/fr\/wp-json\/wp\/v2\/categories?post=461491"},{"taxonomy":"post_tag","embeddable":true,"href":"https:\/\/www.europesays.com\/fr\/wp-json\/wp\/v2\/tags?post=461491"}],"curies":[{"name":"wp","href":"https:\/\/api.w.org\/{rel}","templated":true}]}}