{"id":461495,"date":"2025-10-14T04:19:16","date_gmt":"2025-10-14T04:19:16","guid":{"rendered":"https:\/\/www.europesays.com\/fr\/461495\/"},"modified":"2025-10-14T04:19:16","modified_gmt":"2025-10-14T04:19:16","slug":"cet-endroit-charmant-ou-ils-pourraient-sinstaller-au-royaume-uni","status":"publish","type":"post","link":"https:\/\/www.europesays.com\/fr\/461495\/","title":{"rendered":"cet endroit charmant o\u00f9 ils pourraient s\u2019installer au Royaume-Uni"},"content":{"rendered":"<p class=\"mb-4 text-lg md:leading-8 break-words\">Depuis leur d\u00e9part de la famille royale, <strong>le prince Harry et Meghan Markle<\/strong> semblent heureux \u00e0 Montecito, en Californie. Pourtant, le duc de Sussex \u201cadorerait\u201d passer plus de temps au Royaume-Uni. La r\u00e9conciliation avec son p\u00e8re, le roi Charles III, pourrait d\u2019ailleurs l\u2019avoir convaincu d\u2019<strong>acqu\u00e9rir un pied-\u00e0-terre<\/strong>.<\/p>\n<p class=\"mb-4 text-lg md:leading-8 break-words\">En effet, en juin 2023, le couple a officiellement quitt\u00e9 la r\u00e9sidence de <strong>Frogmore Cottage<\/strong>, offerte par la reine Elizabeth II apr\u00e8s leur mariage. Depuis, le prince Harry a limit\u00e9 ses d\u00e9placements avec sa famille. L\u2019acquisition d\u2019une nouvelle r\u00e9sidence lui permettrait donc de faire d\u00e9couvrir son pays \u00e0 ses enfants, Archie et Lilibet.<\/p>\n<p>Meghan Markle aimerait s\u2019installer dans les Cotswolds<\/p>\n<p class=\"mb-4 text-lg md:leading-8 break-words\">Le prince Harry et Meghan Markle n\u2019ont pas encore achet\u00e9 une propri\u00e9t\u00e9 au Royaume-Uni. Ils auraient n\u00e9anmoins d\u00e9j\u00e0 une id\u00e9e de <strong>la r\u00e9gion o\u00f9 ils pourraient s\u2019installer<\/strong>. Une source a ainsi r\u00e9v\u00e9l\u00e9 au Daily Mail : \u201cJe dirais que les Cotswolds seraient un endroit o\u00f9 ils pourraient se tourner s\u2019ils envisageaient une maison en dehors du domaine royal\u201d.<\/p>\n<p class=\"mb-4 text-lg md:leading-8 break-words\">Apr\u00e8s ses fian\u00e7ailles avec le prince Harry, Meghan Markle avait \u00e9t\u00e9 s\u00e9duite par les Cotswolds. Une <strong>maison priv\u00e9e<\/strong> dans la campagne britannique correspondrait d\u2019ailleurs \u00e0 leur mode de vie. Comme Montecito, cette r\u00e9gion attire de <strong>nombreuses c\u00e9l\u00e9brit\u00e9s<\/strong>. Ellen DeGeneres, James Corden ou m\u00eame Beyonc\u00e9 et Jay-Z y ont d\u2019ailleurs jet\u00e9 leur d\u00e9volu.<\/p>\n<p>Le prince Harry est obs\u00e9d\u00e9 par la (&#8230;)<\/p>\n<p><a href=\"https:\/\/www.closermag.fr\/royautes\/meghan-et-harry-cet-endroit-charmant-ou-ils-pourraient-sinstaller-au-royaume-uni-3586290\" rel=\"nofollow noopener\" target=\"_blank\" data-ylk=\"slk:Lire la suite sur Closer;elm:context_link;itc:0;sec:content-canvas\" class=\"link \">Lire la suite sur Closer<\/a><\/p>\n<p><a href=\"https:\/\/www.closermag.fr\/tv_tele_realite\/lamour-est-dans-le-pre-spoiler-anthony-fait-machine-arriere-ces-mots-qui-vont-faire-hurler-les-fans-3585809\" rel=\"nofollow noopener\" target=\"_blank\" data-ylk=\"slk:L\u2019amour est dans le pr\u00e9 (spoiler) : Anthony fait machine arri\u00e8re, ces mots qui vont faire hurler les fans;elm:context_link;itc:0;sec:content-canvas\" class=\"link \">L\u2019amour est dans le pr\u00e9 (spoiler) : Anthony fait machine arri\u00e8re, ces mots qui vont faire hurler les fans<\/a><br \/><a href=\"https:\/\/www.closermag.fr\/royautes\/beatrice-borromeo-a-accouche-le-prenom-de-sa-fille-rend-un-bel-hommage-a-2-femmes-cheres-a-son-coeur-3586393\" rel=\"nofollow noopener\" target=\"_blank\" data-ylk=\"slk:Beatrice Borromeo a accouch\u00e9 : le pr\u00e9nom de sa fille rend un bel hommage \u00e0 2 femmes ch\u00e8res \u00e0 son c\u0153ur;elm:context_link;itc:0;sec:content-canvas\" class=\"link \">Beatrice Borromeo a accouch\u00e9 : le pr\u00e9nom de sa fille rend un bel hommage \u00e0 2 femmes ch\u00e8res \u00e0 son c\u0153ur<\/a><br \/><a href=\"https:\/\/www.closermag.fr\/vecu\/proces-des-viols-de-mazan-des-cellules-cancereuses-la-sante-de-gisele-pelicot-gravement-impactee-3586387\" rel=\"nofollow noopener\" target=\"_blank\" data-ylk=\"slk:Proc\u00e8s des viols de Mazan : \u201cDes cellules canc\u00e9reuses\u201d, la sant\u00e9 de Gis\u00e8le Pelicot gravement impact\u00e9e;elm:context_link;itc:0;sec:content-canvas\" class=\"link \">Proc\u00e8s des viols de Mazan : \u201cDes cellules canc\u00e9reuses\u201d, la sant\u00e9 de Gis\u00e8le Pelicot gravement impact\u00e9e<\/a><br \/><a href=\"https:\/\/www.closermag.fr\/people\/marlene-schiappa-mon-mari-a-ses-dernieres-confidences-sans-filtre-avant-laccouchement-3586378\" rel=\"nofollow noopener\" target=\"_blank\" data-ylk=\"slk:Marl\u00e8ne Schiappa : \u201cMon mari a\u2026\u201d, ses derni\u00e8res confidences sans filtre avant l\u2019accouchement;elm:context_link;itc:0;sec:content-canvas\" class=\"link \">Marl\u00e8ne Schiappa : \u201cMon mari a\u2026\u201d, ses derni\u00e8res confidences sans filtre avant l\u2019accouchement<\/a><br \/><a href=\"https:\/\/www.closermag.fr\/people\/bixente-lizarazu-combien-a-t-il-denfants-3586167\" rel=\"nofollow noopener\" target=\"_blank\" data-ylk=\"slk:Bixente Lizarazu : combien a-t-il d\u2019enfants ?;elm:context_link;itc:0;sec:content-canvas\" class=\"link \">Bixente Lizarazu : combien a-t-il d\u2019enfants ?<\/a><\/p>\n","protected":false},"excerpt":{"rendered":"Depuis leur d\u00e9part de la famille royale, le prince Harry et Meghan Markle semblent heureux \u00e0 Montecito, en&hellip;\n","protected":false},"author":2,"featured_media":461496,"comment_status":"","ping_status":"","sticky":false,"template":"","format":"standard","meta":{"footnotes":""},"categories":[1588],"tags":[11,1777,674,30920,908,58611,12,267,473,1853,1851,1850,1852],"class_list":{"0":"post-461495","1":"post","2":"type-post","3":"status-publish","4":"format-standard","5":"has-post-thumbnail","7":"category-royaume-uni","8":"tag-actualites","9":"tag-eu","10":"tag-europe","11":"tag-la-residence","12":"tag-meghan-markle","13":"tag-montecito","14":"tag-news","15":"tag-prince-harry","16":"tag-royaume-uni","17":"tag-royaume-uni-de-grande-bretagne-et-dirlande-du-nord","18":"tag-uk","19":"tag-united-kingdom","20":"tag-united-kingdom-of-great-britain-and-northern-ireland"},"share_on_mastodon":{"url":"https:\/\/pubeurope.com\/@fr\/115370600951819570","error":""},"_links":{"self":[{"href":"https:\/\/www.europesays.com\/fr\/wp-json\/wp\/v2\/posts\/461495","targetHints":{"allow":["GET"]}}],"collection":[{"href":"https:\/\/www.europesays.com\/fr\/wp-json\/wp\/v2\/posts"}],"about":[{"href":"https:\/\/www.europesays.com\/fr\/wp-json\/wp\/v2\/types\/post"}],"author":[{"embeddable":true,"href":"https:\/\/www.europesays.com\/fr\/wp-json\/wp\/v2\/users\/2"}],"replies":[{"embeddable":true,"href":"https:\/\/www.europesays.com\/fr\/wp-json\/wp\/v2\/comments?post=461495"}],"version-history":[{"count":0,"href":"https:\/\/www.europesays.com\/fr\/wp-json\/wp\/v2\/posts\/461495\/revisions"}],"wp:featuredmedia":[{"embeddable":true,"href":"https:\/\/www.europesays.com\/fr\/wp-json\/wp\/v2\/media\/461496"}],"wp:attachment":[{"href":"https:\/\/www.europesays.com\/fr\/wp-json\/wp\/v2\/media?parent=461495"}],"wp:term":[{"taxonomy":"category","embeddable":true,"href":"https:\/\/www.europesays.com\/fr\/wp-json\/wp\/v2\/categories?post=461495"},{"taxonomy":"post_tag","embeddable":true,"href":"https:\/\/www.europesays.com\/fr\/wp-json\/wp\/v2\/tags?post=461495"}],"curies":[{"name":"wp","href":"https:\/\/api.w.org\/{rel}","templated":true}]}}