{"id":461497,"date":"2025-10-14T04:20:16","date_gmt":"2025-10-14T04:20:16","guid":{"rendered":"https:\/\/www.europesays.com\/fr\/461497\/"},"modified":"2025-10-14T04:20:16","modified_gmt":"2025-10-14T04:20:16","slug":"football-la-france-fait-match-nul-en-islande-lallemagne-simpose-difficilement","status":"publish","type":"post","link":"https:\/\/www.europesays.com\/fr\/461497\/","title":{"rendered":"Football: La France fait match nul en Islande, l&rsquo;Allemagne s&rsquo;impose difficilement"},"content":{"rendered":"<p>Publi\u00e913. octobre 2025, 23:17<\/p>\n<p>Football: La France fait 2-2 en Islande, l&rsquo;Allemagne gagne difficilement<\/p>\n<p>Fran\u00e7ais et Allemands ne sont pas encore au Mondial. Les Bleus ont fait 2-2 en Islande et les Allemands ont pein\u00e9 en Irlande du Nord. La Belgique en t\u00eate de son groupe.<\/p>\n<p><img loading=\"lazy\" decoding=\"async\" src=\"https:\/\/www.europesays.com\/fr\/wp-content\/uploads\/2025\/10\/1890f6f6-734a-4b21-8d06-d13ed68f9d68.jpg\" alt=\"Nokkvi Hlynsson a \u00e9galis\u00e9 pour l'Islande, lundi soir contre la France.\" title=\"Nokkvi Hlynsson a \u00e9galis\u00e9 pour l'Islande, lundi soir contre la France.\"  width=\"1200\" height=\"800\"\/><\/p>\n<p>Nokkvi Hlynsson a \u00e9galis\u00e9 pour l&rsquo;Islande, lundi soir contre la France.<\/p>\n<p>AFP<\/p>\n<p>La France a connu un petit coup d\u2019arr\u00eat en Islande (2-2), en qualifications pour le Mondial 2026, avec une \u00e9quipe largement remani\u00e9e, lundi \u00e0 Reykjavik, mais sera qualifi\u00e9e si elle bat l\u2019Ukraine en novembre.<\/p>\n<p>Avec 10 points en quatre matches, les joueurs de Didier Deschamps auront une occasion de distancer d\u00e9finitivement les Ukrainiens (7 points), vainqueurs lundi de l\u2019Azerba\u00efdjan (2-1), le 13 novembre \u00e0 Paris.<\/p>\n<p>Malgr\u00e9 un but de Christopher Nkunku (63e) et le premier de Jean-Philippe Mateta (68e) en s\u00e9lection, les Bleus se sont laiss\u00e9 surprendre sur une faute de d\u00e9concentration et ont permis \u00e0 l\u2019Islande d\u2019\u00e9galiser par Kristian Hlynsson (70e), parti seul d\u00e9fier Mike Maignan, capitaine d\u2019un soir.<\/p>\n<p>Les Bleus, qui restaient sur trois succ\u00e8s cons\u00e9cutifs, conservent la premi\u00e8re place de leur groupe (10 points), devant l\u2019Ukraine (7) et l&rsquo;Islande (4).<\/p>\n<p>L&rsquo;Allemagne reste devant<\/p>\n<p>L\u2019Allemagne, secou\u00e9e en seconde p\u00e9riode, a ramen\u00e9 de Belfast un succ\u00e8s pr\u00e9cieux contre l\u2019Irlande du Nord (1-0).<\/p>\n<p>Un but de Nick Woltemade (31e) a permis \u00e0 l\u2019\u00e9quipe de Julian Nagelsmann de s\u2019imposer \u00e0 Windsor Park, malgr\u00e9 un grand nombre d\u2019occasions conc\u00e9d\u00e9es apr\u00e8s la mi-temps.<\/p>\n<p>L\u2019Allemagne domine le groupe A avec neuf points, le m\u00eame total que son actuel dauphin slovaque, qui a battu le Luxembourg (2-0) et qu\u2019elle recevra en novembre \u00e0 Leipzig en cl\u00f4ture du parcours qualificatif.<\/p>\n<p>La Belgique fait un grand pas vers le Mondial<\/p>\n<p>La Belgique, victorieuse du Pays de Galles \u00e0 Cardiff (4-2), a fait un grand pas vers la phase finale.<\/p>\n<p>Avec 14 points, et avec deux matches encore \u00e0 jouer, au Kazakhstan le 15 novembre puis face au Liechtenstein trois jours plus tard, les hommes de Rudi Garcia ont leur destin entre leurs mains.<\/p>\n<p>D\u2019autant que leurs prochains adversaires semblent \u00e0 la port\u00e9e de Thibaut Courtois, de Kevin De Bruyne, qui a inscrit deux buts sur penalty lundi soir, et de leurs \u00e9quipiers.<\/p>\n<p>Deuxi\u00e8me au classement du groupe J, la Mac\u00e9doine du Nord ne compte qu\u2019un point de retard mais n\u2019a plus qu\u2019un seul match \u00e0 jouer, le 18 novembre au Pays de Galles.<\/p>\n<p>(afp)<\/p>\n","protected":false},"excerpt":{"rendered":"Publi\u00e913. octobre 2025, 23:17 Football: La France fait 2-2 en Islande, l&rsquo;Allemagne gagne difficilement Fran\u00e7ais et Allemands ne&hellip;\n","protected":false},"author":2,"featured_media":461498,"comment_status":"","ping_status":"","sticky":false,"template":"","format":"standard","meta":{"footnotes":""},"categories":[1587],"tags":[11,672,1804,1805,1803,1777,674,1801,12,1802],"class_list":{"0":"post-461497","1":"post","2":"type-post","3":"status-publish","4":"format-standard","5":"has-post-thumbnail","7":"category-allemagne","8":"tag-actualites","9":"tag-allemagne","10":"tag-bundesrepublik-deutschland","11":"tag-de","12":"tag-deutschland","13":"tag-eu","14":"tag-europe","15":"tag-germany","16":"tag-news","17":"tag-republique-federale-dallemagne"},"share_on_mastodon":{"url":"https:\/\/pubeurope.com\/@fr\/115370605418091248","error":""},"_links":{"self":[{"href":"https:\/\/www.europesays.com\/fr\/wp-json\/wp\/v2\/posts\/461497","targetHints":{"allow":["GET"]}}],"collection":[{"href":"https:\/\/www.europesays.com\/fr\/wp-json\/wp\/v2\/posts"}],"about":[{"href":"https:\/\/www.europesays.com\/fr\/wp-json\/wp\/v2\/types\/post"}],"author":[{"embeddable":true,"href":"https:\/\/www.europesays.com\/fr\/wp-json\/wp\/v2\/users\/2"}],"replies":[{"embeddable":true,"href":"https:\/\/www.europesays.com\/fr\/wp-json\/wp\/v2\/comments?post=461497"}],"version-history":[{"count":0,"href":"https:\/\/www.europesays.com\/fr\/wp-json\/wp\/v2\/posts\/461497\/revisions"}],"wp:featuredmedia":[{"embeddable":true,"href":"https:\/\/www.europesays.com\/fr\/wp-json\/wp\/v2\/media\/461498"}],"wp:attachment":[{"href":"https:\/\/www.europesays.com\/fr\/wp-json\/wp\/v2\/media?parent=461497"}],"wp:term":[{"taxonomy":"category","embeddable":true,"href":"https:\/\/www.europesays.com\/fr\/wp-json\/wp\/v2\/categories?post=461497"},{"taxonomy":"post_tag","embeddable":true,"href":"https:\/\/www.europesays.com\/fr\/wp-json\/wp\/v2\/tags?post=461497"}],"curies":[{"name":"wp","href":"https:\/\/api.w.org\/{rel}","templated":true}]}}