{"id":461499,"date":"2025-10-14T04:21:23","date_gmt":"2025-10-14T04:21:23","guid":{"rendered":"https:\/\/www.europesays.com\/fr\/461499\/"},"modified":"2025-10-14T04:21:23","modified_gmt":"2025-10-14T04:21:23","slug":"3-previsions-de-forrester-pour-lit-en-europe-en-2026","status":"publish","type":"post","link":"https:\/\/www.europesays.com\/fr\/461499\/","title":{"rendered":"3 pr\u00e9visions de Forrester pour l\u2019IT en Europe en 2026"},"content":{"rendered":"<p>Le cabinet d\u2019\u00e9tudes Forrester anticipe trois tendances l\u2019an prochain en mati\u00e8re de technologie en Europe. Le moins que l\u2019on puisse dire est qu\u2019il ne s\u2019extasie pas sur l\u2019impact des initiatives men\u00e9es par les entreprises europ\u00e9ennes pour r\u00e9duire leur d\u00e9pendance vis-\u00e0-vis des\u00a0technologies venant d\u2019autres continents.<\/p>\n<ol>\n<li>Les entreprises europ\u00e9ennes intensifieront leurs efforts pour atteindre la souverainet\u00e9 num\u00e9rique. \u00ab\u00a0Pour autant, aucune entreprise europ\u00e9enne ne parviendra \u00e0 se d\u00e9sengager enti\u00e8rement des hyperscalers \u00e9tatsuniens (Microsoft, AWS, Google Cloud\u2026) en 2026\u00a0\u00bb, selon le cabinet ind\u00e9pendant \u00e9tasunien. Les tensions g\u00e9opolitiques et l\u2019impact de nouvelles mesures l\u00e9gislatives, telles que le Pacte vert et\u00a0la mise en \u0153uvre de la loi europ\u00e9enne sur l\u2019IA, emp\u00eacheraient les entreprises europ\u00e9ennes de tester des cas d\u2019usage \u00e0 haut risque. \u00ab\u00a0La r\u00e9alit\u00e9 est que la volatilit\u00e9 actuelle et les contraintes op\u00e9rationnelles obligeront les entreprises europ\u00e9ennes \u00e0 adopter des strat\u00e9gies plus pragmatiques \u00e0 court et \u00e0 long terme\u00a0\u00bb, commente Dane Anderson, directeur des \u00e9tudes internationales et des produits chez Forrester. \u00ab\u00a0Nous ne verrons pas de migration \u00e0 grande \u00e9chelle vers les ordinateurs de bureau Linux et les outils de productivit\u00e9 et de collaboration open source en raison du manque d\u2019offres proposant un support suffisamment robuste \u00bb.<\/li>\n<li>L\u2019utilisation quotidienne de l\u2019IA g\u00e9n\u00e9rative par les consommateurs doublera dans la plupart des pays europ\u00e9ens \u2013 de 6 \u00e0 12% \u2013 mais son adoption par les entreprises europ\u00e9ennes sera plus prudente qu\u2019aux Etats-Unis, du fait de \u00ab\u00a0la r\u00e9glementation plus stricte de l\u2019UE et d\u2019une moindre maturit\u00e9 des capacit\u00e9s en mati\u00e8re d\u2019IA\u00a0\u00bb, d\u2019apr\u00e8s Forrester. Au moins, temp\u00e8re-t-il,\u00a0l\u2019existence de cette r\u00e9glementation contribue \u00e0 maintenir la confiance des citoyens europ\u00e9ens envers leurs institutions.<\/li>\n<li>Les d\u00e9penses europ\u00e9ennes accrues en mati\u00e8re de D\u00e9fense entra\u00eeneront une augmentation de 20% du budget technologique des op\u00e9rateurs d\u2019infrastructures critiques de l\u2019Union Europ\u00e9enne, pr\u00e9dit le cabinet d\u2019\u00e9tude.\u00a0Pour m\u00e9moire, lors du\u00a0sommet de La Haye en juin 2025, les membres de l\u2019OTAN se sont engag\u00e9s \u00e0 porter leur budget d\u00e9fense \u00e0 5% du PIB, dont 1,5% consacr\u00e9 aux infrastructures critiques.<\/li>\n<\/ol>\n","protected":false},"excerpt":{"rendered":"Le cabinet d\u2019\u00e9tudes Forrester anticipe trois tendances l\u2019an prochain en mati\u00e8re de technologie en Europe. Le moins que&hellip;\n","protected":false},"author":2,"featured_media":461500,"comment_status":"","ping_status":"","sticky":false,"template":"","format":"standard","meta":{"footnotes":""},"categories":[1586],"tags":[11,1777,674,1011,27,12,25],"class_list":{"0":"post-461499","1":"post","2":"type-post","3":"status-publish","4":"format-standard","5":"has-post-thumbnail","7":"category-europe","8":"tag-actualites","9":"tag-eu","10":"tag-europe","11":"tag-fr","12":"tag-france","13":"tag-news","14":"tag-republique-francaise"},"share_on_mastodon":{"url":"https:\/\/pubeurope.com\/@fr\/115370608839315701","error":""},"_links":{"self":[{"href":"https:\/\/www.europesays.com\/fr\/wp-json\/wp\/v2\/posts\/461499","targetHints":{"allow":["GET"]}}],"collection":[{"href":"https:\/\/www.europesays.com\/fr\/wp-json\/wp\/v2\/posts"}],"about":[{"href":"https:\/\/www.europesays.com\/fr\/wp-json\/wp\/v2\/types\/post"}],"author":[{"embeddable":true,"href":"https:\/\/www.europesays.com\/fr\/wp-json\/wp\/v2\/users\/2"}],"replies":[{"embeddable":true,"href":"https:\/\/www.europesays.com\/fr\/wp-json\/wp\/v2\/comments?post=461499"}],"version-history":[{"count":0,"href":"https:\/\/www.europesays.com\/fr\/wp-json\/wp\/v2\/posts\/461499\/revisions"}],"wp:featuredmedia":[{"embeddable":true,"href":"https:\/\/www.europesays.com\/fr\/wp-json\/wp\/v2\/media\/461500"}],"wp:attachment":[{"href":"https:\/\/www.europesays.com\/fr\/wp-json\/wp\/v2\/media?parent=461499"}],"wp:term":[{"taxonomy":"category","embeddable":true,"href":"https:\/\/www.europesays.com\/fr\/wp-json\/wp\/v2\/categories?post=461499"},{"taxonomy":"post_tag","embeddable":true,"href":"https:\/\/www.europesays.com\/fr\/wp-json\/wp\/v2\/tags?post=461499"}],"curies":[{"name":"wp","href":"https:\/\/api.w.org\/{rel}","templated":true}]}}