{"id":461505,"date":"2025-10-14T04:24:22","date_gmt":"2025-10-14T04:24:22","guid":{"rendered":"https:\/\/www.europesays.com\/fr\/461505\/"},"modified":"2025-10-14T04:24:22","modified_gmt":"2025-10-14T04:24:22","slug":"football-petit-pont-lucarne-laction-incomprehensible-de-djaoui-cisse","status":"publish","type":"post","link":"https:\/\/www.europesays.com\/fr\/461505\/","title":{"rendered":"Football | Petit pont, lucarne : l&rsquo;action incompr\u00e9hensible de Djaoui Ciss\u00e9"},"content":{"rendered":"<p><strong>D\u00e8s l\u2019affiche de la rencontre, nous aurions d\u00fb nous en douter. Quand l\u2019\u00e9quipe de France espoirs affronte l\u2019Estonie au football, cela ne se termine bien dans aucun des mondes pour la FFL.<\/strong><\/p>\n<p>L\u2019encha\u00eenement de Djaoui Ciss\u00e9, ce n\u2019est pas notre football<\/p>\n<p><a href=\"https:\/\/fflose.com\/football-le-rate-venu-dailleurs-de-lucas-bergvall-a-quelques-centimetres-du-but\/\" rel=\"nofollow noopener\" target=\"_blank\">Alors que la tr\u00eave internationale semble ne jamais se terminer<\/a>, l\u2019\u00e9quipe de France espoirs recevait l\u2019Estonie au Stade des Alpes de Grenoble. Et apr\u00e8s l\u2019ouverture du score de Mathys Tel, c\u2019est Djaoui Ciss\u00e9 qui est venu corser le tableau d\u2019affichage. Mais attention, le joueur du Stade rennais n\u2019est pas du genre \u00e0 faire les choses \u00e0 moiti\u00e9. En effet, alors qu\u2019il re\u00e7oit le ballon \u00e0 l\u2019entr\u00e9e de la surface de r\u00e9paration, le jeune Fran\u00e7ais de 21 ans adresse un petit pont \u00e0 son adversaire et trouve le petit filet du gardien Ott Nomm. Nous ne sommes qu\u2019\u00e0 la douzi\u00e8me minute de jeu, et l\u2019\u00e9quipe de France m\u00e8ne d\u00e9j\u00e0 2-0. Soit un score de 15-0 si on garde ce rythme jusqu\u2019au coup de sifflet final. Non merci.<\/p>\n<blockquote class=\"twitter-tweet\">\n<p dir=\"ltr\" lang=\"fr\">11\u2032 SHHJKSHJSJQSBSBQU GOLAZOOOOO 2-0 !!! C\u2019est quoi ce but de tar\u00e9, Djaoui Ciss\u00e9 est fou <a href=\"https:\/\/t.co\/dqEtIzBQU8\" rel=\"nofollow\">pic.twitter.com\/dqEtIzBQU8<\/a><\/p>\n<p>\u2014 ZackNaniProd (@ZackNaniProd) <a href=\"https:\/\/twitter.com\/ZackNaniProd\/status\/1977777451179905217?ref_src=twsrc%5Etfw\" rel=\"nofollow noopener\" target=\"_blank\">October 13, 2025<\/a><\/p>\n<\/blockquote>\n<p>                         <a href=\"https:\/\/fflose.com\/author\/tomgaleron\/\" class=\"url\" title=\"Tom\" rel=\"nofollow noopener\" target=\"_blank\"> <img loading=\"lazy\" decoding=\"async\" alt=\"Tom\" src=\"https:\/\/www.europesays.com\/fr\/wp-content\/uploads\/2025\/10\/1760415862_35_fa539669b9b6c266044bdafc0534c1c7e71784259f6e9e9e6fab2d5d73302c49\"  class=\"avatar avatar-250 photo\" height=\"250\" width=\"250\"\/><\/a> <\/p>\n<p>Natif de Marseille, autant vous dire qu&rsquo;il est pr\u00e9f\u00e9rable de ne pas me parler de football en ce moment. Merci pour votre compr\u00e9hension.<\/p>\n<p> <a href=\"https:\/\/fflose.com\/author\/tomgaleron\/\" class=\"url\" title=\"Tom\" rel=\"nofollow noopener\" target=\"_blank\"><img loading=\"lazy\" decoding=\"async\" alt=\"Tom\" src=\"https:\/\/www.europesays.com\/fr\/wp-content\/uploads\/2025\/10\/1760415862_35_fa539669b9b6c266044bdafc0534c1c7e71784259f6e9e9e6fab2d5d73302c49\"  class=\"avatar avatar-250 photo\" height=\"250\" width=\"250\"\/><\/a>  <\/p>\n<p><script async src=\"https:\/\/platform.twitter.com\/widgets.js\" charset=\"utf-8\"><\/script><\/p>\n","protected":false},"excerpt":{"rendered":"D\u00e8s l\u2019affiche de la rencontre, nous aurions d\u00fb nous en douter. Quand l\u2019\u00e9quipe de France espoirs affronte l\u2019Estonie&hellip;\n","protected":false},"author":2,"featured_media":461506,"comment_status":"","ping_status":"","sticky":false,"template":"","format":"standard","meta":{"footnotes":""},"categories":[2],"tags":[11,1011,27,12,25],"class_list":{"0":"post-461505","1":"post","2":"type-post","3":"status-publish","4":"format-standard","5":"has-post-thumbnail","7":"category-actualites","8":"tag-actualites","9":"tag-fr","10":"tag-france","11":"tag-news","12":"tag-republique-francaise"},"share_on_mastodon":{"url":"https:\/\/pubeurope.com\/@fr\/115370621220100149","error":""},"_links":{"self":[{"href":"https:\/\/www.europesays.com\/fr\/wp-json\/wp\/v2\/posts\/461505","targetHints":{"allow":["GET"]}}],"collection":[{"href":"https:\/\/www.europesays.com\/fr\/wp-json\/wp\/v2\/posts"}],"about":[{"href":"https:\/\/www.europesays.com\/fr\/wp-json\/wp\/v2\/types\/post"}],"author":[{"embeddable":true,"href":"https:\/\/www.europesays.com\/fr\/wp-json\/wp\/v2\/users\/2"}],"replies":[{"embeddable":true,"href":"https:\/\/www.europesays.com\/fr\/wp-json\/wp\/v2\/comments?post=461505"}],"version-history":[{"count":0,"href":"https:\/\/www.europesays.com\/fr\/wp-json\/wp\/v2\/posts\/461505\/revisions"}],"wp:featuredmedia":[{"embeddable":true,"href":"https:\/\/www.europesays.com\/fr\/wp-json\/wp\/v2\/media\/461506"}],"wp:attachment":[{"href":"https:\/\/www.europesays.com\/fr\/wp-json\/wp\/v2\/media?parent=461505"}],"wp:term":[{"taxonomy":"category","embeddable":true,"href":"https:\/\/www.europesays.com\/fr\/wp-json\/wp\/v2\/categories?post=461505"},{"taxonomy":"post_tag","embeddable":true,"href":"https:\/\/www.europesays.com\/fr\/wp-json\/wp\/v2\/tags?post=461505"}],"curies":[{"name":"wp","href":"https:\/\/api.w.org\/{rel}","templated":true}]}}