{"id":461509,"date":"2025-10-14T04:28:18","date_gmt":"2025-10-14T04:28:18","guid":{"rendered":"https:\/\/www.europesays.com\/fr\/461509\/"},"modified":"2025-10-14T04:28:18","modified_gmt":"2025-10-14T04:28:18","slug":"nrl-nelson-asofa-solomona-libere-par-le-storm-rugby-a-xiii","status":"publish","type":"post","link":"https:\/\/www.europesays.com\/fr\/461509\/","title":{"rendered":"NRL &#8211; Nelson Asofa-Solomona lib\u00e9r\u00e9 par le Storm &#8211; Rugby \u00e0 XIII"},"content":{"rendered":"<p style=\"text-align: justify;\"><strong>Le Melbourne Storm a lib\u00e9r\u00e9 Nelson Asofa-Solomona des deux derni\u00e8res ann\u00e9es de son contrat estim\u00e9es \u00e0 850 000 dollars par saison.<\/strong><\/p>\n<p style=\"text-align: justify;\">D\u2019apr\u00e8s le Storm, le pilier n\u00e9o-z\u00e9landais a demand\u00e9 \u00e0 partir. Une requ\u00eate accept\u00e9e par le club. Dans un communiqu\u00e9, Asofa-Solomona a remerci\u00e9 les joueurs, entra\u00eeneurs et membres du staff du Storm pour son passage au sein d\u2019un club \u201cprestigieux\u201d. NAS n\u2019a pas pu disputer les finales de 2024 et 2025 \u00e0 cause des suspensions qu\u2019il a re\u00e7ues suite \u00e0 des plaquages dangereux.\u00a0L\u2019international pourrait d\u00e9sormais rejoindre un autre club NRL ou se tourner vers le rugby \u00e0 XV.<\/p>\n<blockquote class=\"twitter-tweet\" data-width=\"500\" data-dnt=\"true\">\n<p lang=\"en\" dir=\"ltr\">Forever Storm \ud83d\udc9c<\/p>\n<p>Thank you, NAS! <a href=\"https:\/\/t.co\/mdZXaAXqKt\">pic.twitter.com\/mdZXaAXqKt<\/a><\/p>\n<p>\u2014 Melbourne Storm (@storm) <a href=\"https:\/\/twitter.com\/storm\/status\/1976165869656080480?ref_src=twsrc%5Etfw\" target=\"_blank\" rel=\"noopener\">October 9, 2025<\/a><\/p>\n<\/blockquote>\n<p>        <script async src=\"https:\/\/platform.twitter.com\/widgets.js\" charset=\"utf-8\"><\/script><\/p>\n","protected":false},"excerpt":{"rendered":"Le Melbourne Storm a lib\u00e9r\u00e9 Nelson Asofa-Solomona des deux derni\u00e8res ann\u00e9es de son contrat estim\u00e9es \u00e0 850 000&hellip;\n","protected":false},"author":2,"featured_media":461510,"comment_status":"","ping_status":"","sticky":false,"template":"","format":"standard","meta":{"footnotes":""},"categories":[1416],"tags":[1011,27,58612,58613,4473,479,2228,1468,2229,60],"class_list":{"0":"post-461509","1":"post","2":"type-post","3":"status-publish","4":"format-standard","5":"has-post-thumbnail","7":"category-rugby","8":"tag-fr","9":"tag-france","10":"tag-melbourne-storm","11":"tag-nelson-asofa-solomona","12":"tag-nrl","13":"tag-rugby","14":"tag-rugby-a-xiii","15":"tag-rugby-football","16":"tag-rugby-league","17":"tag-sports"},"share_on_mastodon":{"url":"https:\/\/pubeurope.com\/@fr\/115370636330766533","error":""},"_links":{"self":[{"href":"https:\/\/www.europesays.com\/fr\/wp-json\/wp\/v2\/posts\/461509","targetHints":{"allow":["GET"]}}],"collection":[{"href":"https:\/\/www.europesays.com\/fr\/wp-json\/wp\/v2\/posts"}],"about":[{"href":"https:\/\/www.europesays.com\/fr\/wp-json\/wp\/v2\/types\/post"}],"author":[{"embeddable":true,"href":"https:\/\/www.europesays.com\/fr\/wp-json\/wp\/v2\/users\/2"}],"replies":[{"embeddable":true,"href":"https:\/\/www.europesays.com\/fr\/wp-json\/wp\/v2\/comments?post=461509"}],"version-history":[{"count":0,"href":"https:\/\/www.europesays.com\/fr\/wp-json\/wp\/v2\/posts\/461509\/revisions"}],"wp:featuredmedia":[{"embeddable":true,"href":"https:\/\/www.europesays.com\/fr\/wp-json\/wp\/v2\/media\/461510"}],"wp:attachment":[{"href":"https:\/\/www.europesays.com\/fr\/wp-json\/wp\/v2\/media?parent=461509"}],"wp:term":[{"taxonomy":"category","embeddable":true,"href":"https:\/\/www.europesays.com\/fr\/wp-json\/wp\/v2\/categories?post=461509"},{"taxonomy":"post_tag","embeddable":true,"href":"https:\/\/www.europesays.com\/fr\/wp-json\/wp\/v2\/tags?post=461509"}],"curies":[{"name":"wp","href":"https:\/\/api.w.org\/{rel}","templated":true}]}}