{"id":461521,"date":"2025-10-14T04:39:13","date_gmt":"2025-10-14T04:39:13","guid":{"rendered":"https:\/\/www.europesays.com\/fr\/461521\/"},"modified":"2025-10-14T04:39:13","modified_gmt":"2025-10-14T04:39:13","slug":"brest-vu-du-ciel-hier-et-aujourdhui-une-expo-saisissante-aux-capucins-jusquen-janvier-2026","status":"publish","type":"post","link":"https:\/\/www.europesays.com\/fr\/461521\/","title":{"rendered":"\u00ab\u00a0Brest vu du ciel\u00a0\u00bb hier et aujourd\u2019hui\u00a0: une expo saisissante aux Capucins jusqu\u2019en janvier\u00a02026"},"content":{"rendered":"<p>L\u2019avant\/apr\u00e8s peut-\u00eatre le plus spectaculaire, c\u2019est le port du Ch\u00e2teau. \u00c0 gauche, le port militaire en 1999, avec trois vieux navires de la marine servant de brise-lames. Et, \u00e0 c\u00f4t\u00e9, la photo du lieu tel qu\u2019il est actuellement, avec la digue La\u00a0P\u00e9rouse, la marina que l\u2019on devine et le port de plaisance entre les deux.<\/p>\n<p><img decoding=\"async\" src=\"https:\/\/www.europesays.com\/fr\/wp-content\/uploads\/2025\/10\/68ed5107e787c59c8005c39a.1.jpeg\" width=\"480\" height=\"300\" class=\"web_golden_m\" loading=\"lazy\" alt=\"Robert Gernot (\u00e0 gauche) et Julien Creff exposent jusqu\u2019au 6\u00a0janvier 2026, aux Capucins, leurs photos a\u00e9riennes de Brest, prises \u00e0 quelques d\u00e9cennies d\u2019intervalles.\"\/>Robert Gernot (\u00e0 gauche) et Julien Creff exposent jusqu\u2019au 6\u00a0janvier 2026, aux Capucins, leurs photos a\u00e9riennes de Brest, prises \u00e0 quelques d\u00e9cennies d\u2019intervalles. (Photo Le T\u00e9l\u00e9gramme\/David Cormier)<\/p>\n<p>Les nostalgiques des photos de Yann Arthus-Bertrand, dont \u00ab La Terre vue du ciel \u00bb exaltait les beaut\u00e9s de la nature, ne trouveront gu\u00e8re leur compte dans l\u2019exposition \u00ab Brest vu du ciel \u00bb, aux Capucins, jusqu\u2019\u00e0 6 janvier 2026. En revanche, les personnes qui aiment Brest et la comparaison entre ce qu\u2019elle est aujourd\u2019hui et la ville des ann\u00e9es\u00a080 et 90, assur\u00e9ment. Cela rafra\u00eechira les m\u00e9moires de certains (\u00ab Tiens, je pensais que l\u2019on avait perdu plus de verdure depuis trente ans \u00bb, avoue un fin observateur brestois) et en apprendra aux plus jeunes.<\/p>\n<p>Le drone a remplac\u00e9 l\u2019avion<\/p>\n<p>Deux g\u00e9n\u00e9rations de photographes se c\u00f4toient dans cette exposition. Robert Gernot a l\u00e9gu\u00e9 en 2022 sa collection de plus de 10 000\u00a0clich\u00e9s a\u00e9riens de Brest et de la m\u00e9tropole, pris entre 1975 et 2004. \u00ab C\u2019est 15\u00a0% de la totalit\u00e9 des fonds conserv\u00e9s aux archives ! \u00bb, a soulign\u00e9 Fran\u00e7ois Cuillandre, le maire, lors du vernissage, ce lundi 13 octobre 2025. Julien Creff, lui, a pris des photos \u00e0 l\u2019aide d\u2019un drone cette ann\u00e9e, en respectant le plus possible les angles de vue. \u00ab Exactement le m\u00eame, c\u2019est parfois impossible compte tenu de la limite de vol des drones \u00e0 120 m de hauteur \u00bb, a-t-il pr\u00e9cis\u00e9. L\u2019effet est parfois saisissant, d\u2019autres fois moins, comme la place de Strasbourg et ses alentours n\u2019ont pas chang\u00e9 tant que \u00e7a, hormis la disparition du gros b\u00e2timent Citro\u00ebn, qui saute aux yeux.<\/p>\n<blockquote><p>Il y avait toujours un accompagnateur de la marine, et mes photos \u00e9taient d\u00e9velopp\u00e9es dans un bureau de la sous-pr\u00e9fecture pour passer \u00e0 la censure<\/p><\/blockquote>\n<p>\u00ab Je suis arriv\u00e9 \u00e0 Brest en 1970. C\u2019est la DDE (Direction d\u00e9partementale de l\u2019\u00e9quipement, NDLR) qui m\u2019a demand\u00e9 des photos a\u00e9riennes \u00bb, se rappelle Robert Gernot, alors photographe industriel. \u00ab C\u2019\u00e9tait un imbroglio de r\u00e9glementations, avec une zone interdite de vol. Il y avait toujours un accompagnateur de la marine, et mes photos \u00e9taient d\u00e9velopp\u00e9es dans un bureau de la sous-pr\u00e9fecture pour passer \u00e0 la censure. On ne pouvait pas tout montrer ! \u00bb.<\/p>\n<p>\u00ab Avec l\u2019h\u00e9licopt\u00e8re, c\u2019\u00e9tait le r\u00eave ! \u00bb<\/p>\n<p>Un premier avion a \u00e9t\u00e9 remplac\u00e9 par un <a href=\"https:\/\/www.letelegramme.fr\/finistere\/brest-29200\/ligne-aerienne-brest-jersey-cest-parti-pour-deux-mois-de-rotations-6844595.php\" target=\"_blank\" rel=\"noopener\">Cessna<\/a>, comme celui qui dessert Ouessant aujourd\u2019hui. \u00ab Il \u00e9tait beaucoup plus pratique. Puis, quand il y a eu la zone Seveso, c\u2019\u00e9tait avec l\u2019h\u00e9licopt\u00e8re de la Protection civile. L\u00e0, c\u2019\u00e9tait le r\u00eave ! \u00bb, s\u2019enthousiasme encore Robert Gernot. \u00ab Avec le drone, je n\u2019ai pas les m\u00eames contraintes. Les go\u00e9lands, au centre-ville surtout, l\u2019attaquent parfois : ce ne devait pas \u00eatre un probl\u00e8me \u00e0 l\u2019\u00e9poque ! \u00bb, sourit Julien Creff.<\/p>\n<p><img decoding=\"async\" src=\"https:\/\/www.europesays.com\/fr\/wp-content\/uploads\/2025\/10\/68ed5107775d866958060cc5.1.jpeg\" width=\"480\" height=\"300\" class=\"web_golden_m\" loading=\"lazy\" alt=\"Plusieurs dizaines de personnes sont vneues au vernissage de l\u2019exposition \u00ab\u00a0Brest vu du ciel\u00a0\u00bb, ce lundi 13\u00a0octobre 2025 en fin de matin\u00e9e, aux Ateliers des Capucins, passage des Arp\u00e8tes.\"\/>Plusieurs dizaines de personnes sont vneues au vernissage de l\u2019exposition \u00ab\u00a0Brest vu du ciel\u00a0\u00bb, ce lundi 13\u00a0octobre 2025 en fin de matin\u00e9e, aux Ateliers des Capucins, passage des Arp\u00e8tes. (Photo Le T\u00e9l\u00e9gramme\/David Cormier)<\/p>\n<p>Julien, plus jeune, \u00e9tait copain avec le fils de Robert. C\u2019est Robert qui lui a donn\u00e9 le go\u00fbt de la photo. Outre l\u2019int\u00e9r\u00eat, r\u00e9el, de l\u2019exposition, l\u2019\u00e9v\u00e9nement vaut aussi, au fond, pour cette jolie histoire.<\/p>\n<p>Pratique<\/p>\n<p class=\"note\">\u00ab Brest vu du ciel \u00bb, 21 photographies en avant\/apr\u00e8s, jusqu\u2019au 6\u00a0janvier 2026 aux Ateliers des Capucins, 25,\u00a0rue de Pontaniou, \u00e0 Brest. Entr\u00e9e libre. Robert Gernot sera pr\u00e9sent chaque samedi.<\/p>\n","protected":false},"excerpt":{"rendered":"L\u2019avant\/apr\u00e8s peut-\u00eatre le plus spectaculaire, c\u2019est le port du Ch\u00e2teau. \u00c0 gauche, le port militaire en 1999, avec&hellip;\n","protected":false},"author":2,"featured_media":461522,"comment_status":"","ping_status":"","sticky":false,"template":"","format":"standard","meta":{"footnotes":""},"categories":[1358],"tags":[1348,1384,1385,58614,3450,251,1386,58,59,3293,1011,27,937,2551,58615,1756],"class_list":{"0":"post-461521","1":"post","2":"type-post","3":"status-publish","4":"format-standard","5":"has-post-thumbnail","7":"category-arts-et-design","8":"tag-arts","9":"tag-arts-and-design","10":"tag-arts-et-design","11":"tag-ateliers-des-capucins","12":"tag-brest","13":"tag-culture","14":"tag-design","15":"tag-divertissement","16":"tag-entertainment","17":"tag-exposition","18":"tag-fr","19":"tag-france","20":"tag-histoire","21":"tag-patrimoine","22":"tag-photo-avant-apres","23":"tag-photographie"},"share_on_mastodon":{"url":"https:\/\/pubeurope.com\/@fr\/115370680384910299","error":""},"_links":{"self":[{"href":"https:\/\/www.europesays.com\/fr\/wp-json\/wp\/v2\/posts\/461521","targetHints":{"allow":["GET"]}}],"collection":[{"href":"https:\/\/www.europesays.com\/fr\/wp-json\/wp\/v2\/posts"}],"about":[{"href":"https:\/\/www.europesays.com\/fr\/wp-json\/wp\/v2\/types\/post"}],"author":[{"embeddable":true,"href":"https:\/\/www.europesays.com\/fr\/wp-json\/wp\/v2\/users\/2"}],"replies":[{"embeddable":true,"href":"https:\/\/www.europesays.com\/fr\/wp-json\/wp\/v2\/comments?post=461521"}],"version-history":[{"count":0,"href":"https:\/\/www.europesays.com\/fr\/wp-json\/wp\/v2\/posts\/461521\/revisions"}],"wp:featuredmedia":[{"embeddable":true,"href":"https:\/\/www.europesays.com\/fr\/wp-json\/wp\/v2\/media\/461522"}],"wp:attachment":[{"href":"https:\/\/www.europesays.com\/fr\/wp-json\/wp\/v2\/media?parent=461521"}],"wp:term":[{"taxonomy":"category","embeddable":true,"href":"https:\/\/www.europesays.com\/fr\/wp-json\/wp\/v2\/categories?post=461521"},{"taxonomy":"post_tag","embeddable":true,"href":"https:\/\/www.europesays.com\/fr\/wp-json\/wp\/v2\/tags?post=461521"}],"curies":[{"name":"wp","href":"https:\/\/api.w.org\/{rel}","templated":true}]}}