{"id":461613,"date":"2025-10-14T05:31:23","date_gmt":"2025-10-14T05:31:23","guid":{"rendered":"https:\/\/www.europesays.com\/fr\/461613\/"},"modified":"2025-10-14T05:31:23","modified_gmt":"2025-10-14T05:31:23","slug":"orbey-le-documentariste-robin-hunzinger-sur-les-pas-de-la-resistance-culturelle-en-ukraine","status":"publish","type":"post","link":"https:\/\/www.europesays.com\/fr\/461613\/","title":{"rendered":"Orbey. Le documentariste Robin Hunzinger sur les pas de la r\u00e9sistance culturelle en Ukraine"},"content":{"rendered":"<p>Dans sa maison sur les hauteurs d\u2019Orbey, \u00e0 Bambois, o\u00f9 il vient se ressourcer entre deux tournages, le cin\u00e9aste documentariste Robin Hunzinger pr\u00e9pare ses bagages\u00a0: une unit\u00e9 de tournage ultra-compacte, une mixette\u2026 \u00ab\u00a0En zone de guerre il faut voyager l\u00e9ger.\u00bb Dans quelques jours, le 27\u00a0octobre, le fils de l\u2019\u00e9crivaine Claudie Hunzinger part en Ukraine pour filmer deux intellectuels ukrainiens qui se battent avec leurs armes\u00a0: la culture et l\u2019esprit.<\/p>\n<p>\u00ab\u00a0On s\u2019est rencontr\u00e9s cet \u00e9t\u00e9 aux Rencontres de la photographie \u00e0 Arles. Tetyana Ogarkova, professeure de litt\u00e9rature compar\u00e9e devenue journaliste de guerre, portait la voix de son pays bless\u00e9 avec une&#8230;<\/p>\n","protected":false},"excerpt":{"rendered":"Dans sa maison sur les hauteurs d\u2019Orbey, \u00e0 Bambois, o\u00f9 il vient se ressourcer entre deux tournages, le&hellip;\n","protected":false},"author":2,"featured_media":461614,"comment_status":"","ping_status":"","sticky":false,"template":"","format":"standard","meta":{"footnotes":""},"categories":[1590],"tags":[11,2389,650,5065,1687,3206,2413,1777,674,107,12,14851,220],"class_list":{"0":"post-461613","1":"post","2":"type-post","3":"status-publish","4":"format-standard","5":"has-post-thumbnail","7":"category-ukraine","8":"tag-actualites","9":"tag-alsace","10":"tag-cinema","11":"tag-colmar","12":"tag-culture-loisirs","13":"tag-defense-guerre-conflit","14":"tag-edition-colmar-guebwiller","15":"tag-eu","16":"tag-europe","17":"tag-fil-info","18":"tag-news","19":"tag-secteur-de-colmar","20":"tag-ukraine"},"share_on_mastodon":{"url":"https:\/\/pubeurope.com\/@fr\/115370884065553070","error":""},"_links":{"self":[{"href":"https:\/\/www.europesays.com\/fr\/wp-json\/wp\/v2\/posts\/461613","targetHints":{"allow":["GET"]}}],"collection":[{"href":"https:\/\/www.europesays.com\/fr\/wp-json\/wp\/v2\/posts"}],"about":[{"href":"https:\/\/www.europesays.com\/fr\/wp-json\/wp\/v2\/types\/post"}],"author":[{"embeddable":true,"href":"https:\/\/www.europesays.com\/fr\/wp-json\/wp\/v2\/users\/2"}],"replies":[{"embeddable":true,"href":"https:\/\/www.europesays.com\/fr\/wp-json\/wp\/v2\/comments?post=461613"}],"version-history":[{"count":0,"href":"https:\/\/www.europesays.com\/fr\/wp-json\/wp\/v2\/posts\/461613\/revisions"}],"wp:featuredmedia":[{"embeddable":true,"href":"https:\/\/www.europesays.com\/fr\/wp-json\/wp\/v2\/media\/461614"}],"wp:attachment":[{"href":"https:\/\/www.europesays.com\/fr\/wp-json\/wp\/v2\/media?parent=461613"}],"wp:term":[{"taxonomy":"category","embeddable":true,"href":"https:\/\/www.europesays.com\/fr\/wp-json\/wp\/v2\/categories?post=461613"},{"taxonomy":"post_tag","embeddable":true,"href":"https:\/\/www.europesays.com\/fr\/wp-json\/wp\/v2\/tags?post=461613"}],"curies":[{"name":"wp","href":"https:\/\/api.w.org\/{rel}","templated":true}]}}