{"id":461627,"date":"2025-10-14T05:39:12","date_gmt":"2025-10-14T05:39:12","guid":{"rendered":"https:\/\/www.europesays.com\/fr\/461627\/"},"modified":"2025-10-14T05:39:12","modified_gmt":"2025-10-14T05:39:12","slug":"thauvin-se-rate-nkunku-se-relance-camavinga-decoit-encore","status":"publish","type":"post","link":"https:\/\/www.europesays.com\/fr\/461627\/","title":{"rendered":"Thauvin se rate, Nkunku se relance, Camavinga d\u00e9\u00e7oit encore"},"content":{"rendered":"<p>\n    D\u00e9couvrez les notes des joueurs de l\u2019\u00e9quipe de France apr\u00e8s le match nul contre l\u2019Islande (2-2), lors de la quatri\u00e8me journ\u00e9e des qualifications \u00e0 la Coupe du monde 2026.<\/p>\n<p class=\"fig-paragraph\"><strong>Mike Maignan (4)\u00a0:<\/strong> d\u2019abord au ch\u00f4mage technique, il se fait surprendre sur le premier but islandais, pas assez conqu\u00e9rant dans sa surface. Avant de s\u2019incliner dans son duel pour le deuxi\u00e8me but. Une soir\u00e9e rageante pour son premier match en tant que capitaine des Bleus.<\/p>\n<p class=\"fig-paragraph\"><strong>Jules Kound\u00e9 (3)\u00a0: <\/strong>trop neutre dans son couloir, il a peu apport\u00e9. Et d\u00e9fensivement, on l\u2019a connu plus serein.<\/p>\n<p class=\"fig-paragraph\"><strong>William Saliba (3)\u00a0: <\/strong>dans un match avec peu de situations dangereuses, il fait une faute inutile qui am\u00e8ne l\u2019ouverture du score islandaise. Par la suite, il a sembl\u00e9 \u00eatre touch\u00e9 par cette erreur. Il se fait aspirer sur l\u2019\u00e9galisation en seconde p\u00e9riode. En difficult\u00e9.<\/p>\n<p class=\"fig-paragraph\"><strong>Dayot Upamecano (4)\u00a0: <\/strong>pas forc\u00e9ment mis en difficult\u00e9, il n\u2019a toutefois pas d\u00e9gag\u00e9 la m\u00eame impression de s\u00e9r\u00e9nit\u00e9 et de calme que lors de ses derni\u00e8res sorties.<\/p>\n<p class=\"fig-paragraph\"><strong>Lucas Digne (6)\u00a0: <\/strong>solide dans les duels, pr\u00e9cieux balle au pied et jamais d\u00e9rang\u00e9 quand il s\u2019agit de (bien) centrer &#8211; encore faut-il du monde \u00e0 la r\u00e9ception -, il rend une\u2026<\/p>\n<p class=\"fig-premium-paywall__infos\">\n        Cet article est r\u00e9serv\u00e9 aux abonn\u00e9s.        Il vous reste 69% \u00e0 d\u00e9couvrir.\n    <\/p>\n<p>                <img  data- alt=\"Le Figaro\" class=\"fig-img--complete fig-img\"\/><\/p>\n<p class=\"fig-premium-paywall__title\">J-100, Le Figaro f\u00eate ses 200 ans<\/p>\n<p class=\"fig-premium-paywall__subtitle\">Offre anniversaire : 2\u20ac\/mois pendant 200 semaines<\/p>\n<p class=\"fig-premium-paywall__connect\">\n                D\u00e9j\u00e0 abonn\u00e9\u00a0?                <a class=\"fig-premium-paywall__connect-link\" href=\"https:\/\/connect.lefigaro.fr\/login?client=horizon_web&amp;type=main&amp;redirect_uri=https%3A%2F%2Fwww.lefigaro.fr%2Fsports%2Ffootball%2Fcoupe-du-monde%2Fles-notes-des-bleus-contre-l-islande-thauvin-se-rate-nkunku-se-relance-camavinga-decoit-encore-20251013\" data-js-gtm=\"{&quot;customCategorie&quot;: &quot;conversion&quot;, &quot;customAction&quot;: &quot;before_Landing_Connexion_paywall_auto&quot;, &quot;customLabel&quot;: &quot;bGVmaWdhcm8uZnJfXzFmMGE4NzZmLTY3MDAtNjVlNi1hYjU2LTFiMzA3NTY1M2IyMF9fTmV3c0ZsYXNo_Les notes des Bleus contre l\u2019Islande\u00a0: Thauvin se rate, Nkunku se relance, Camavinga d\u00e9\u00e7oit encore_173&quot;, &quot;customIDSPE&quot;: &quot;bGVmaWdhcm8uZnJfXzFmMGE4NzZmLTY3MDAtNjVlNi1hYjU2LTFiMzA3NTY1M2IyMF9fTmV3c0ZsYXNo&quot;, &quot;event&quot;: &quot;customEventSPE&quot;}\" target=\"_blank\" rel=\"noopener\"><br \/>\n                    Connectez-vous<br \/>\n                <\/a>\n            <\/p>\n","protected":false},"excerpt":{"rendered":"D\u00e9couvrez les notes des joueurs de l\u2019\u00e9quipe de France apr\u00e8s le match nul contre l\u2019Islande (2-2), lors de&hellip;\n","protected":false},"author":2,"featured_media":461628,"comment_status":"","ping_status":"","sticky":false,"template":"","format":"standard","meta":{"footnotes":""},"categories":[2],"tags":[11,20532,6713,43563,1011,27,12,25],"class_list":{"0":"post-461627","1":"post","2":"type-post","3":"status-publish","4":"format-standard","5":"has-post-thumbnail","7":"category-actualites","8":"tag-actualites","9":"tag-didier-deschamps","10":"tag-equipe-de-france-de-football","11":"tag-florian-thauvin","12":"tag-fr","13":"tag-france","14":"tag-news","15":"tag-republique-francaise"},"share_on_mastodon":{"url":"https:\/\/pubeurope.com\/@fr\/115370915493644338","error":""},"_links":{"self":[{"href":"https:\/\/www.europesays.com\/fr\/wp-json\/wp\/v2\/posts\/461627","targetHints":{"allow":["GET"]}}],"collection":[{"href":"https:\/\/www.europesays.com\/fr\/wp-json\/wp\/v2\/posts"}],"about":[{"href":"https:\/\/www.europesays.com\/fr\/wp-json\/wp\/v2\/types\/post"}],"author":[{"embeddable":true,"href":"https:\/\/www.europesays.com\/fr\/wp-json\/wp\/v2\/users\/2"}],"replies":[{"embeddable":true,"href":"https:\/\/www.europesays.com\/fr\/wp-json\/wp\/v2\/comments?post=461627"}],"version-history":[{"count":0,"href":"https:\/\/www.europesays.com\/fr\/wp-json\/wp\/v2\/posts\/461627\/revisions"}],"wp:featuredmedia":[{"embeddable":true,"href":"https:\/\/www.europesays.com\/fr\/wp-json\/wp\/v2\/media\/461628"}],"wp:attachment":[{"href":"https:\/\/www.europesays.com\/fr\/wp-json\/wp\/v2\/media?parent=461627"}],"wp:term":[{"taxonomy":"category","embeddable":true,"href":"https:\/\/www.europesays.com\/fr\/wp-json\/wp\/v2\/categories?post=461627"},{"taxonomy":"post_tag","embeddable":true,"href":"https:\/\/www.europesays.com\/fr\/wp-json\/wp\/v2\/tags?post=461627"}],"curies":[{"name":"wp","href":"https:\/\/api.w.org\/{rel}","templated":true}]}}