{"id":461631,"date":"2025-10-14T05:42:11","date_gmt":"2025-10-14T05:42:11","guid":{"rendered":"https:\/\/www.europesays.com\/fr\/461631\/"},"modified":"2025-10-14T05:42:11","modified_gmt":"2025-10-14T05:42:11","slug":"le-tours-volley-ball-et-tourcoing-dos-a-dos-dans-le-nord","status":"publish","type":"post","link":"https:\/\/www.europesays.com\/fr\/461631\/","title":{"rendered":"Le Tours Volley-Ball et Tourcoing dos \u00e0 dos dans le Nord"},"content":{"rendered":"<p><strong>Tourcoing\u00a0&#8211; Tours VB\u00a0: 2-2<\/strong><\/p>\n<p>L&rsquo;heure est aux derniers r\u00e9glages pour le Tours Volley-Ball. Avant le lancement officiel de la saison 2025-2026, programm\u00e9 le mardi 21\u00a0octobre 2025 avec la r\u00e9ception d\u2019Ajaccio, les Tourangeaux se testaient ainsi \u00e0 nouveau, ce lundi soir, face \u00e0 Tourcoing dans le Nord.<\/p>\n<p>Dans le complexe sportif L\u00e9o-Lagrange flambant neuf du TLM, Coric et ses partenaires ont livr\u00e9 un gros combat, finalement conclu sans vainqueur (2-2).<\/p>\n<p>Au grand complet, avec cette fois-ci les premi\u00e8res attaques du Camerounais Yaoussia Kavogo, le dernier arriv\u00e9, le TVB souhaitait confirmer la mont\u00e9e en puissance affich\u00e9e il y a une semaine lors du <a target=\"_self\" href=\"https:\/\/www.lanouvellerepublique.fr\/tours\/il-y-a-beaucoup-de-progres-le-tours-vb-domine-saint-nazaire-en-amical-a-grenon-1759861662\" rel=\"noopener\">net succ\u00e8s face \u00e0 Saint-Nazaire (4-0)<\/a>.<\/p>\n<p>Le TVB a su r\u00e9agir<\/p>\n<p>Mais les hommes de Mladen Kasic ont tout d\u2019abord c\u00e9d\u00e9 sur le fil une premi\u00e8re manche tr\u00e8s disput\u00e9e (27-25), avant de perdre le deuxi\u00e8me set (25-22), subissant la domination locale. Les Tourangeaux ont donc bien r\u00e9agi en remportant les troisi\u00e8me et quatri\u00e8me actes (23-25, 21-25), pour finalement revenir \u00e0 la hauteur des Tourquennois.<\/p>\n<p>\u00ab\u00a0Cela a \u00e9t\u00e9 un tr\u00e8s bon test pour l\u2019\u00e9quipe, explique l\u2019entra\u00eeneur du TVB Mladen Kasic. L\u2019\u00e9quipe est s\u00e9rieuse mais elle a parfois peur de mal faire. Mais on n\u2019a pas l\u00e2ch\u00e9. C\u2019est positif et on a pu faire pas mal de changements\u2026\u00a0\u00bb<\/p>\n<p>\u00c0 noter que les Tourangeaux disputeront un ultime match de pr\u00e9paration d\u00e8s ce mardi 14\u00a0octobre, toujours face \u00e0 Tourcoing et toujours dans le Nord. Avec certainement l\u2019intention de terminer cette phase de travail par une note positive.<\/p>\n","protected":false},"excerpt":{"rendered":"Tourcoing\u00a0&#8211; Tours VB\u00a0: 2-2 L&rsquo;heure est aux derniers r\u00e9glages pour le Tours Volley-Ball. Avant le lancement officiel de&hellip;\n","protected":false},"author":2,"featured_media":461632,"comment_status":"","ping_status":"","sticky":false,"template":"","format":"standard","meta":{"footnotes":""},"categories":[1417],"tags":[1392,1011,27,1387,1655,60,1390,1471,2767,1470,1469],"class_list":{"0":"post-461631","1":"post","2":"type-post","3":"status-publish","4":"format-standard","5":"has-post-thumbnail","7":"category-volley","8":"tag-a-la-une-local","9":"tag-fr","10":"tag-france","11":"tag-indre-et-loire","12":"tag-ligue-a","13":"tag-sports","14":"tag-tours","15":"tag-tours-volley-ball","16":"tag-tvb-37","17":"tag-volley","18":"tag-volleyball"},"share_on_mastodon":{"url":"https:\/\/pubeurope.com\/@fr\/115370927278961148","error":""},"_links":{"self":[{"href":"https:\/\/www.europesays.com\/fr\/wp-json\/wp\/v2\/posts\/461631","targetHints":{"allow":["GET"]}}],"collection":[{"href":"https:\/\/www.europesays.com\/fr\/wp-json\/wp\/v2\/posts"}],"about":[{"href":"https:\/\/www.europesays.com\/fr\/wp-json\/wp\/v2\/types\/post"}],"author":[{"embeddable":true,"href":"https:\/\/www.europesays.com\/fr\/wp-json\/wp\/v2\/users\/2"}],"replies":[{"embeddable":true,"href":"https:\/\/www.europesays.com\/fr\/wp-json\/wp\/v2\/comments?post=461631"}],"version-history":[{"count":0,"href":"https:\/\/www.europesays.com\/fr\/wp-json\/wp\/v2\/posts\/461631\/revisions"}],"wp:featuredmedia":[{"embeddable":true,"href":"https:\/\/www.europesays.com\/fr\/wp-json\/wp\/v2\/media\/461632"}],"wp:attachment":[{"href":"https:\/\/www.europesays.com\/fr\/wp-json\/wp\/v2\/media?parent=461631"}],"wp:term":[{"taxonomy":"category","embeddable":true,"href":"https:\/\/www.europesays.com\/fr\/wp-json\/wp\/v2\/categories?post=461631"},{"taxonomy":"post_tag","embeddable":true,"href":"https:\/\/www.europesays.com\/fr\/wp-json\/wp\/v2\/tags?post=461631"}],"curies":[{"name":"wp","href":"https:\/\/api.w.org\/{rel}","templated":true}]}}