{"id":461633,"date":"2025-10-14T05:43:14","date_gmt":"2025-10-14T05:43:14","guid":{"rendered":"https:\/\/www.europesays.com\/fr\/461633\/"},"modified":"2025-10-14T05:43:14","modified_gmt":"2025-10-14T05:43:14","slug":"super-xiii-mickael-rouch-tres-fier-de-toute-lequipe-et-de-letat-desprit-affiche-rugby-a-xiii","status":"publish","type":"post","link":"https:\/\/www.europesays.com\/fr\/461633\/","title":{"rendered":"Super XIII &#8211; Micka\u00ebl Rouch : \u00ab\u00a0Tr\u00e8s fier de toute l\u2019\u00e9quipe et de l\u2019\u00e9tat d\u2019esprit affich\u00e9\u00a0\u00bb &#8211; Rugby \u00e0 XIII"},"content":{"rendered":"<p style=\"text-align: justify;\"><b>Micka\u00ebl Rouch, troisi\u00e8me ligne du Toulouse Olympique \u00c9lite, revient sur la large victoire 42 \u00e0 10 contre Villefranche, lors de la 3\u00e8me journ\u00e9e de Super XIII.<\/b><\/p>\n<blockquote>\n<p style=\"text-align: justify;\">On est tr\u00e8s satisfaits de cette victoire, surtout pour notre premier match \u00e0 domicile. L\u2019\u00e9quipe a su \u00eatre beaucoup plus disciplin\u00e9e et on a bien respect\u00e9 nos principes d\u00e9fensifs. Apr\u00e8s la d\u00e9faite contre Limoux le week-end dernier, on avait vraiment \u00e0 c\u0153ur de r\u00e9agir et de montrer un autre visage. On a beaucoup travaill\u00e9 \u00e0 l\u2019entra\u00eenement cette semaine pour gommer nos erreurs, et le groupe a r\u00e9pondu pr\u00e9sent. Tr\u00e8s fier de toute l\u2019\u00e9quipe et de l\u2019\u00e9tat d\u2019esprit affich\u00e9.<\/p>\n<\/blockquote>\n","protected":false},"excerpt":{"rendered":"Micka\u00ebl Rouch, troisi\u00e8me ligne du Toulouse Olympique \u00c9lite, revient sur la large victoire 42 \u00e0 10 contre Villefranche,&hellip;\n","protected":false},"author":2,"featured_media":461634,"comment_status":"","ping_status":"","sticky":false,"template":"","format":"standard","meta":{"footnotes":""},"categories":[1416],"tags":[1011,27,45268,479,2228,1468,2229,60,2231,7302],"class_list":{"0":"post-461633","1":"post","2":"type-post","3":"status-publish","4":"format-standard","5":"has-post-thumbnail","7":"category-rugby","8":"tag-fr","9":"tag-france","10":"tag-mickael-rouch","11":"tag-rugby","12":"tag-rugby-a-xiii","13":"tag-rugby-football","14":"tag-rugby-league","15":"tag-sports","16":"tag-super-xiii","17":"tag-toulouse-olympique-elite"},"share_on_mastodon":{"url":"https:\/\/pubeurope.com\/@fr\/115370931264959282","error":""},"_links":{"self":[{"href":"https:\/\/www.europesays.com\/fr\/wp-json\/wp\/v2\/posts\/461633","targetHints":{"allow":["GET"]}}],"collection":[{"href":"https:\/\/www.europesays.com\/fr\/wp-json\/wp\/v2\/posts"}],"about":[{"href":"https:\/\/www.europesays.com\/fr\/wp-json\/wp\/v2\/types\/post"}],"author":[{"embeddable":true,"href":"https:\/\/www.europesays.com\/fr\/wp-json\/wp\/v2\/users\/2"}],"replies":[{"embeddable":true,"href":"https:\/\/www.europesays.com\/fr\/wp-json\/wp\/v2\/comments?post=461633"}],"version-history":[{"count":0,"href":"https:\/\/www.europesays.com\/fr\/wp-json\/wp\/v2\/posts\/461633\/revisions"}],"wp:featuredmedia":[{"embeddable":true,"href":"https:\/\/www.europesays.com\/fr\/wp-json\/wp\/v2\/media\/461634"}],"wp:attachment":[{"href":"https:\/\/www.europesays.com\/fr\/wp-json\/wp\/v2\/media?parent=461633"}],"wp:term":[{"taxonomy":"category","embeddable":true,"href":"https:\/\/www.europesays.com\/fr\/wp-json\/wp\/v2\/categories?post=461633"},{"taxonomy":"post_tag","embeddable":true,"href":"https:\/\/www.europesays.com\/fr\/wp-json\/wp\/v2\/tags?post=461633"}],"curies":[{"name":"wp","href":"https:\/\/api.w.org\/{rel}","templated":true}]}}