{"id":461635,"date":"2025-10-14T05:44:13","date_gmt":"2025-10-14T05:44:13","guid":{"rendered":"https:\/\/www.europesays.com\/fr\/461635\/"},"modified":"2025-10-14T05:44:13","modified_gmt":"2025-10-14T05:44:13","slug":"trois-courts-un-central-a-16-500-spectateurs-comment-paris-la-defense-arena-pousse-les-murs-pour-le-masters-de-tennis-de-paris","status":"publish","type":"post","link":"https:\/\/www.europesays.com\/fr\/461635\/","title":{"rendered":"Trois courts, un central \u00e0 16\u00a0500\u00a0spectateurs\u2026 Comment Paris La D\u00e9fense Arena pousse les murs pour le Masters de tennis de Paris"},"content":{"rendered":"\n<p class=\"c-chapo \">\n  Pour la premi\u00e8re fois depuis la cr\u00e9ation du tournoi en 1986, le Masters 1000 de tennis de Paris abandonne Bercy pour la Paris La D\u00e9fense Arena, \u00e0 Nanterre. L&rsquo;enceinte abritera trois courts et un terrain d&rsquo;entra\u00eenement. Du jamais vu.\n<\/p>\n<p>      lire plus tard<\/p>\n<p id=\"dialog__title\" class=\"dialog__title\">Pour sauvegarder cet article, connectez-vous ou cr\u00e9ez un compte franceinfo<\/p>\n<p class=\"dialog__description\">Sans paiement. Sans abonnement.<\/p>\n<p>        Fermer la fen\u00eatre d\u2019activation des notifications France Info<\/p>\n<p>      cr\u00e9er votre compte<\/p>\n<p>      se connecter<\/p>\n<p>        Fermer la fen\u00eatre de pr\u00e9sentation<\/p>\n<p>    <img decoding=\"async\" class=\"signature__image\" width=\"44\" height=\"44\"  alt=\"\" src=\"https:\/\/www.franceinfo.fr\/assets\/common\/images\/galaxie-icons\/avatar-e7320e16.svg\" fetchpriority=\"high\"\/><\/p>\n<p>    <img decoding=\"async\" class=\"signature__image\" width=\"44\" height=\"44\"  alt=\"\" src=\"https:\/\/www.franceinfo.fr\/assets\/common\/images\/galaxie-icons\/avatar-e7320e16.svg\" fetchpriority=\"high\"\/><\/p>\n<p>    Publi\u00e9 le 14\/10\/2025 06:00<\/p>\n<p>        Temps de lecture : 3min<\/p>\n<p>    <img decoding=\"async\"  alt=\"Inaugur\u00e9e en 2017, Paris La D\u00e9fense Arena est la plus grande salle de spectacle d'Europe et peut accueillir jusqu'\u00e0 40\u00a0000 personnes. (OLIVIER BOITET \/ MAXPPP)\" width=\"432\" height=\"243\" src=\"https:\/\/www.europesays.com\/fr\/wp-content\/uploads\/2025\/10\/phpf9WobD.jpg\" fetchpriority=\"high\"\/><\/p>\n<p>      Inaugur\u00e9e en 2017, Paris La D\u00e9fense Arena est la plus grande salle de spectacle d&rsquo;Europe et peut accueillir jusqu&rsquo;\u00e0 40\u00a0000 personnes. (OLIVIER BOITET \/ MAXPPP)<\/p>\n<p>Apr\u00e8s la natation de course et les exploits de L\u00e9on Marchand lors des Jeux olympiques 2024, Paris La\u00a0D\u00e9fense Arena va accueillir les meilleurs joueurs de tennis du monde pendant neuf jours, du 25 octobre au 2 novembre 2025, puisque <a href=\"https:\/\/www.franceinfo.fr\/sports\/tennis\/masters-1000\/tennis-le-paris-masters-quittera-bercy-pour-la-defense-arena-en-2025_6332422.html\" data-tooltip-url=\"https:\/\/www.franceinfo.fr\/sports\/tennis\/masters-1000\/tennis-le-paris-masters-quittera-bercy-pour-la-defense-arena-en-2025_6332422.html\" rel=\"nofollow noopener\" target=\"_blank\">le Masters 1000 quitte Bercy<\/a>. Un vrai tour de force logistique pour la plus grande salle indoor d&rsquo;Europe, enceinte principale du Racing 92 (rugby) mais th\u00e9\u00e2tre \u00e9galement de nombreux spectacles ou concerts avec une capacit\u00e9 maximale de 45\u00a0000 places. \u00ab\u00a0C&rsquo;est une vraie performance et aussi une grande fiert\u00e9, pour Laurent de Cerner, directeur g\u00e9n\u00e9ral d\u00e9l\u00e9gu\u00e9 de Paris La D\u00e9fense Arena. On part un peu d&rsquo;une page blanche mais gr\u00e2ce aux JO et \u00e0 la natation, on a pu aussi vivre une premi\u00e8re exp\u00e9rience avec une configuration tr\u00e8s sp\u00e9cifique de la salle.\u00a0\u00bb<\/p>\n<p>Concr\u00e8tement, il y aura d&rsquo;un c\u00f4t\u00e9 le court central qui sera plac\u00e9 au m\u00eame endroit que le bassin olympique avec une capacit\u00e9 de 16\u00a0500 spectateurs (soit 2\u00a0500 de plus qu&rsquo;\u00e0 Bercy)\u00a0; de l&rsquo;autre, quatre autres courts, trois destin\u00e9s \u00e0 la comp\u00e9tition et le dernier \u00e0 l&rsquo;entra\u00eenement.<\/p>\n<p>    <img loading=\"lazy\" decoding=\"async\" class=\"cms-media-image lazyload\" alt=\"La configuration du prochain Masters 1000 de Pris, avec le court central (\u00e0 droite) et trois courts de comp\u00e9tition. Entre les deux, un terrain d'entra\u00eenement. (ROLEX PARIS MASTERS)\" width=\"720\" height=\"405\" data- src=\"https:\/\/www.europesays.com\/fr\/wp-content\/uploads\/2025\/10\/paris-masters-1000-la-defense-arena-68ed2b10e773e695058993.png\"\/><\/p>\n<p>      La configuration du prochain Masters 1000 de Pris, avec le court central (\u00e0 droite) et trois courts de comp\u00e9tition. Entre les deux, un terrain d&rsquo;entra\u00eenement. (ROLEX PARIS MASTERS)<\/p>\n<p>Entre le central et les autres courts, un rideau occultant qui constitue une authentique performance technique d&rsquo;apr\u00e8s Laurent de Cerner\u00a0: \u00ab\u00a0Ce rideau aura une hauteur de 37 m\u00e8tres avec, \u00e9videmment, des capacit\u00e9s phoniques d&rsquo;absorption pour permettre un confort face \u00e0 l&rsquo;enthousiasme des spectateurs dans la salle.\u00a0\u00c7a va \u00eatre un vrai chaudron. Il y aura une ambiance, j&rsquo;esp\u00e8re, aussi forte que celle qu&rsquo;on a pu avoir lors des exploits de L\u00e9on Marchand et avec une tr\u00e8s bonne visibilit\u00e9 pour l&rsquo;ensemble des spectateurs qui seront sur le central.\u00a0\u00bb<\/p>\n<blockquote class=\"ftvi_content_quote\">\n<p class=\"ftvi_citation_quote\">\u00ab\u00a0La jauge du court central sera sup\u00e9rieure \u00e0 celle du court Philippe-Chatrier \u00e0 Roland-Garros. Cela marque l\u2019ambition de cette \u00e9dition.\u00a0\u00bb<\/p>\n<p>Laurent de Cerner, directeur g\u00e9n\u00e9ral d\u00e9l\u00e9gu\u00e9 de Paris La D\u00e9fense Arena<\/p>\n<p class=\"ftvi_citation_source\">\u00e0 franceinfo<\/p>\n<\/blockquote>\n<p>Le court d&rsquo;entra\u00eenement sera situ\u00e9 dans une zone tampon entre le central et les trois autres courts de comp\u00e9tition, install\u00e9s eux, l&rsquo;un \u00e0 c\u00f4t\u00e9 de l&rsquo;autre. Mais entre le court\u00a01 et les courts 2 et 3, il y aura l\u00e0 encore un dernier rideau occultant, ce qui permettra au court 1 de prendre enfin toute sa dimension\u00a0: \u00ab\u00a0Le court 1 aura une capacit\u00e9 d&rsquo;environ 4\u00a0000 spectateurs. \u00c0 titre de comparaison, \u00e0 Bercy, on en \u00e9tait \u00e0 600. Ce sera aussi l&rsquo;occasion de mettre une vraie ambiance pour ce premier tour et ses premiers matches\u00a0\u00bb souligne Laurent De Cerner.<\/p>\n<p>Un test grandeur nature pour le Rolex Paris Masters qui se tiendra \u00e0 Paris La D\u00e9fense Arena, au moins pour les dix prochaines ann\u00e9es\u00a0: \u00ab\u00a0\u00c7a sera notre premier rendez-vous. On va faire en sorte qu&rsquo;il soit r\u00e9ussi et il le sera. Mais \u00e7a sera l&rsquo;occasion d&rsquo;identifier les points d&rsquo;am\u00e9lioration pour les ann\u00e9es \u00e0 venir. C&rsquo;est une version 1.0, voire 2.0 avec la capacit\u00e9 d&rsquo;\u00e9voluer dans les ann\u00e9es \u00e0 venir\u00a0\u00bb, esp\u00e8re Laurent de Cerner.<\/p>\n<p>Les d\u00e9tenteurs de billets pour le central pourront se rendre sans exception sur les courts 1, 2 et 3. Cependant, aucune vente de billet pour ces trois courts annexes n&rsquo;est pr\u00e9vue.<\/p>\n","protected":false},"excerpt":{"rendered":"Pour la premi\u00e8re fois depuis la cr\u00e9ation du tournoi en 1986, le Masters 1000 de tennis de Paris&hellip;\n","protected":false},"author":2,"featured_media":461636,"comment_status":"","ping_status":"","sticky":false,"template":"","format":"standard","meta":{"footnotes":""},"categories":[1415],"tags":[1011,27,60,1467],"class_list":{"0":"post-461635","1":"post","2":"type-post","3":"status-publish","4":"format-standard","5":"has-post-thumbnail","7":"category-tennis","8":"tag-fr","9":"tag-france","10":"tag-sports","11":"tag-tennis"},"share_on_mastodon":{"url":"https:\/\/pubeurope.com\/@fr\/115370936051135254","error":""},"_links":{"self":[{"href":"https:\/\/www.europesays.com\/fr\/wp-json\/wp\/v2\/posts\/461635","targetHints":{"allow":["GET"]}}],"collection":[{"href":"https:\/\/www.europesays.com\/fr\/wp-json\/wp\/v2\/posts"}],"about":[{"href":"https:\/\/www.europesays.com\/fr\/wp-json\/wp\/v2\/types\/post"}],"author":[{"embeddable":true,"href":"https:\/\/www.europesays.com\/fr\/wp-json\/wp\/v2\/users\/2"}],"replies":[{"embeddable":true,"href":"https:\/\/www.europesays.com\/fr\/wp-json\/wp\/v2\/comments?post=461635"}],"version-history":[{"count":0,"href":"https:\/\/www.europesays.com\/fr\/wp-json\/wp\/v2\/posts\/461635\/revisions"}],"wp:featuredmedia":[{"embeddable":true,"href":"https:\/\/www.europesays.com\/fr\/wp-json\/wp\/v2\/media\/461636"}],"wp:attachment":[{"href":"https:\/\/www.europesays.com\/fr\/wp-json\/wp\/v2\/media?parent=461635"}],"wp:term":[{"taxonomy":"category","embeddable":true,"href":"https:\/\/www.europesays.com\/fr\/wp-json\/wp\/v2\/categories?post=461635"},{"taxonomy":"post_tag","embeddable":true,"href":"https:\/\/www.europesays.com\/fr\/wp-json\/wp\/v2\/tags?post=461635"}],"curies":[{"name":"wp","href":"https:\/\/api.w.org\/{rel}","templated":true}]}}