{"id":461637,"date":"2025-10-14T05:46:14","date_gmt":"2025-10-14T05:46:14","guid":{"rendered":"https:\/\/www.europesays.com\/fr\/461637\/"},"modified":"2025-10-14T05:46:14","modified_gmt":"2025-10-14T05:46:14","slug":"toprak-razgatlioglu-donne-un-indice-sur-son-numero-en-motogp","status":"publish","type":"post","link":"https:\/\/www.europesays.com\/fr\/461637\/","title":{"rendered":"Toprak Razgatlioglu donne un indice sur son num\u00e9ro en MotoGP"},"content":{"rendered":"<p style=\"text-align: justify;\"><strong>Toprak Razgatlioglu va faire son arriv\u00e9e en MotoGP la saison prochaine, au guidon d&rsquo;une <a href=\"https:\/\/franceracing.fr\/moto-gp\/toprak-razgatlioglu-pilotera-pour-pramac-yamaha-en-2026\/\" target=\"_blank\" rel=\"noopener nofollow\">Yamaha de l&rsquo;\u00e9quipe Pramac<\/a>. Ne pouvant utiliser son num\u00e9ro f\u00e9tiche, il donne un indice sur celui qu&rsquo;il portera en 2026.<\/strong><\/p>\n<p style=\"text-align: justify;\">Toprak Razgatlioglu devra se s\u00e9parer du num\u00e9ro 54 qu&rsquo;il porte en Superbike, en hommage aux deux premiers chiffres du code postal de sa ville natale, Adapazari. Le pilote turc, qui rejoint la grille MotoGP la saison prochaine, n&rsquo;a pas d&rsquo;autre choix que de prendre un autre num\u00e9ro. Pourtant, il l&rsquo;utilise depuis 2013, lors de sa premi\u00e8re saison en Red Bull MotoGP Rookies Cup.<\/p>\n<p style=\"text-align: justify;\">En effet, le 54 est actuellement utilis\u00e9 par Ferm\u00edn Aldeguer. Le pilote espagnol, engag\u00e9 avec Gresini, porte ce num\u00e9ro depuis sa premi\u00e8re saison en European Talent Cup, en 2018. Il l&rsquo;a m\u00eame tatou\u00e9 sur son bras. Toprak Razgatlioglu devra donc choisir un autre num\u00e9ro et il en a un derri\u00e8re la t\u00eate.<\/p>\n<blockquote>\n<p style=\"text-align: justify;\">\u00ab\u00a0Malheureusement, il m&rsquo;est impossible d&rsquo;utiliser le 54. Ferm\u00edn Aldeguer a couru avec ce num\u00e9ro en Moto2 et, avant cela, il avait le 54 tatou\u00e9 sur le bras ! Parfois, l&rsquo;argent peut faire beaucoup, mais pas dans ce cas. J\u2019ai un autre num\u00e9ro pr\u00e9f\u00e9r\u00e9. Ce n\u2019est pas le 1. Le 54, oui, mais il y en a un autre que j\u2019ai utilis\u00e9 lors des premi\u00e8res courses de ma carri\u00e8re. Je l\u2019utiliserai probablement ; il suffit de regarder de vieilles photos\u00a0\u00bb, expliquait-il \u00e0 Estoril.\u00a0<\/p>\n<\/blockquote>\n<p>Toprak Razgatlioglu annonce son num\u00e9ro<\/p>\n<p style=\"text-align: justify;\">En fouillant les archives, on remarque que le pilote turc a couru en IDM Yamaha R6 Cup avec un autre num\u00e9ro : le 7. Celui-ci est actuellement utilis\u00e9 par Augusto Fern\u00e1ndez lors des courses o\u00f9 il est invit\u00e9 par Yamaha. Le pilote espagnol, qui courait avec le 37, a d\u00fb le c\u00e9der \u00e0 Pedro Acosta, pilote titulaire de l&rsquo;\u00e9quipe d&rsquo;usine KTM.<\/p>\n<p style=\"text-align: justify;\">De nombreux pilotes ont port\u00e9 <a href=\"https:\/\/franceracing.fr\/moto-gp\/numeros-pilotes-motogp\/\" target=\"_blank\" rel=\"noopener nofollow\">ce num\u00e9ro lors de l&rsquo;\u00e8re MotoGP<\/a>. Le premier a \u00e9t\u00e9 Carlos Checa. Apr\u00e8s le pilote espagnol, Chris Vermeulen l&rsquo;a port\u00e9 puis Hiroshi Aoyama, Mike Jones et Takumi Takahashi.<\/p>\n","protected":false},"excerpt":{"rendered":"Toprak Razgatlioglu va faire son arriv\u00e9e en MotoGP la saison prochaine, au guidon d&rsquo;une Yamaha de l&rsquo;\u00e9quipe Pramac.&hellip;\n","protected":false},"author":2,"featured_media":461638,"comment_status":"","ping_status":"","sticky":false,"template":"","format":"standard","meta":{"footnotes":""},"categories":[1413],"tags":[1011,27,1457,1456,60],"class_list":{"0":"post-461637","1":"post","2":"type-post","3":"status-publish","4":"format-standard","5":"has-post-thumbnail","7":"category-moto","8":"tag-fr","9":"tag-france","10":"tag-moto","11":"tag-motocycle","12":"tag-sports"},"share_on_mastodon":{"url":"","error":""},"_links":{"self":[{"href":"https:\/\/www.europesays.com\/fr\/wp-json\/wp\/v2\/posts\/461637","targetHints":{"allow":["GET"]}}],"collection":[{"href":"https:\/\/www.europesays.com\/fr\/wp-json\/wp\/v2\/posts"}],"about":[{"href":"https:\/\/www.europesays.com\/fr\/wp-json\/wp\/v2\/types\/post"}],"author":[{"embeddable":true,"href":"https:\/\/www.europesays.com\/fr\/wp-json\/wp\/v2\/users\/2"}],"replies":[{"embeddable":true,"href":"https:\/\/www.europesays.com\/fr\/wp-json\/wp\/v2\/comments?post=461637"}],"version-history":[{"count":0,"href":"https:\/\/www.europesays.com\/fr\/wp-json\/wp\/v2\/posts\/461637\/revisions"}],"wp:featuredmedia":[{"embeddable":true,"href":"https:\/\/www.europesays.com\/fr\/wp-json\/wp\/v2\/media\/461638"}],"wp:attachment":[{"href":"https:\/\/www.europesays.com\/fr\/wp-json\/wp\/v2\/media?parent=461637"}],"wp:term":[{"taxonomy":"category","embeddable":true,"href":"https:\/\/www.europesays.com\/fr\/wp-json\/wp\/v2\/categories?post=461637"},{"taxonomy":"post_tag","embeddable":true,"href":"https:\/\/www.europesays.com\/fr\/wp-json\/wp\/v2\/tags?post=461637"}],"curies":[{"name":"wp","href":"https:\/\/api.w.org\/{rel}","templated":true}]}}