{"id":461639,"date":"2025-10-14T05:47:12","date_gmt":"2025-10-14T05:47:12","guid":{"rendered":"https:\/\/www.europesays.com\/fr\/461639\/"},"modified":"2025-10-14T05:47:12","modified_gmt":"2025-10-14T05:47:12","slug":"jonathan-wheatley-balance-sur-les-ambitions-de-lecurie","status":"publish","type":"post","link":"https:\/\/www.europesays.com\/fr\/461639\/","title":{"rendered":"Jonathan Wheatley balance sur les ambitions de l&rsquo;\u00e9curie"},"content":{"rendered":"<p>D\u00e8s son arriv\u00e9e en 2026 en F1, Audi ne souhaite pas \u00eatre un simple figurant, mais de titiller tr\u00e8s t\u00f4t les cadors du championnat. Pour y arriver, l&rsquo;\u00e9curie a \u00e9labor\u00e9 un plan de d\u00e9veloppement d\u00e9taill\u00e9, tout en reconnaissant que cela n\u00e9cessitera du temps et des investissements consid\u00e9rables. L&rsquo;ambition d&rsquo;Audi en F1 est de devenir comp\u00e9titif et de remporter des victoires, en visant les podiums ,et ce, d\u00e8s quelques ann\u00e9es apr\u00e8s son entr\u00e9e en 2026. Pour atteindre cet objectif, elle s&rsquo;est engag\u00e9e dans un projet \u00e0 long terme, avec des investissements technologiques significatifs et l&rsquo;acquisition progressive de Sauber.<\/p>\n<p>\u00ab\u00a0Notre objectif est de viser la victoire et le titre\u00a0\u00bb<\/p>\n<p>L&rsquo;objectif est de suivre un plan de d\u00e9veloppement rigoureux, en recrutant des talents et en s&rsquo;appuyant sur des technologies avanc\u00e9es. Ces ambitions sont confirm\u00e9es par Jonathan Wheatley lors d&rsquo;une r\u00e9cente interview. \u00ab \u00c9coutez, nous avons un plan ambitieux devant nous. Notre objectif est de viser la victoire et le titre d&rsquo;ici la fin de la d\u00e9cennie, et nous avons un plan ambitieux pour y parvenir \u00bb, a d\u00e9clar\u00e9 le Britannique, qui se r\u00e9jouit d&rsquo;avoir l&rsquo;ancien patron de Ferrari, Mattia Binotto, \u00e0 ses c\u00f4t\u00e9s pour mener \u00e0 bien sa mission. \u00ab Heureusement pour moi, Mattia est l\u00e0 depuis bien plus longtemps\u2026 donc les choses sont d\u00e9j\u00e0 en place et commencent \u00e0 avancer. \u00bb, a-t-il ajout\u00e9.<\/p>\n<p>    Partagez cette info avec vos amis et vos proches en cliquant ici  <\/p>\n<p> Podcasts \u00e0 la une MEN LIFE <\/p>\n<p>    Pour r\u00e9sumer<\/p>\n<p>Jonathan Wheatley, le futur directeur d&rsquo;Audi qui pr\u00e9voit de faire ses d\u00e9buts en F1 la saison prochaine, a d\u00e9voil\u00e9 les ambitions de l&rsquo;\u00e9curie. L&rsquo;objectif est clair: titiller les grands de F1, remporter des victoires et viser des podiums.<\/p>\n<p>R\u00e9dacteur<\/p>\n<p><img decoding=\"async\" width=\"76\" height=\"76\" loading=\"lazy\" src=\"https:\/\/www.europesays.com\/fr\/wp-content\/uploads\/2025\/04\/avatar-sport-am.png\" alt=\"La r\u00e9daction\"\/><\/p>\n","protected":false},"excerpt":{"rendered":"D\u00e8s son arriv\u00e9e en 2026 en F1, Audi ne souhaite pas \u00eatre un simple figurant, mais de titiller&hellip;\n","protected":false},"author":2,"featured_media":461640,"comment_status":"","ping_status":"","sticky":false,"template":"","format":"standard","meta":{"footnotes":""},"categories":[1412],"tags":[1451,1452,1453,1454,1455,1011,27,60],"class_list":{"0":"post-461639","1":"post","2":"type-post","3":"status-publish","4":"format-standard","5":"has-post-thumbnail","7":"category-f1","8":"tag-f1","9":"tag-formula-1","10":"tag-formula1","11":"tag-formule-1","12":"tag-formule1","13":"tag-fr","14":"tag-france","15":"tag-sports"},"share_on_mastodon":{"url":"https:\/\/pubeurope.com\/@fr\/115370947140673403","error":""},"_links":{"self":[{"href":"https:\/\/www.europesays.com\/fr\/wp-json\/wp\/v2\/posts\/461639","targetHints":{"allow":["GET"]}}],"collection":[{"href":"https:\/\/www.europesays.com\/fr\/wp-json\/wp\/v2\/posts"}],"about":[{"href":"https:\/\/www.europesays.com\/fr\/wp-json\/wp\/v2\/types\/post"}],"author":[{"embeddable":true,"href":"https:\/\/www.europesays.com\/fr\/wp-json\/wp\/v2\/users\/2"}],"replies":[{"embeddable":true,"href":"https:\/\/www.europesays.com\/fr\/wp-json\/wp\/v2\/comments?post=461639"}],"version-history":[{"count":0,"href":"https:\/\/www.europesays.com\/fr\/wp-json\/wp\/v2\/posts\/461639\/revisions"}],"wp:featuredmedia":[{"embeddable":true,"href":"https:\/\/www.europesays.com\/fr\/wp-json\/wp\/v2\/media\/461640"}],"wp:attachment":[{"href":"https:\/\/www.europesays.com\/fr\/wp-json\/wp\/v2\/media?parent=461639"}],"wp:term":[{"taxonomy":"category","embeddable":true,"href":"https:\/\/www.europesays.com\/fr\/wp-json\/wp\/v2\/categories?post=461639"},{"taxonomy":"post_tag","embeddable":true,"href":"https:\/\/www.europesays.com\/fr\/wp-json\/wp\/v2\/tags?post=461639"}],"curies":[{"name":"wp","href":"https:\/\/api.w.org\/{rel}","templated":true}]}}