{"id":461641,"date":"2025-10-14T05:48:22","date_gmt":"2025-10-14T05:48:22","guid":{"rendered":"https:\/\/www.europesays.com\/fr\/461641\/"},"modified":"2025-10-14T05:48:22","modified_gmt":"2025-10-14T05:48:22","slug":"clara-emond-dans-une-equipe-francaise-actualite","status":"publish","type":"post","link":"https:\/\/www.europesays.com\/fr\/461641\/","title":{"rendered":"Clara Emond dans une \u00e9quipe fran\u00e7aise &#8211; Actualit\u00e9"},"content":{"rendered":"<p data-start=\"85\" data-end=\"251\"><a href=\"https:\/\/www.directvelo.com\/coureur\/47300\/clara-emond\" target=\"_blank\" rel=\"noopener\"><strong>Clara Emond<\/strong><\/a> s\u2019engage avec St Michel-Preference Home-Auber 93 pour les deux prochaines saisons. La puncheuse qu\u00e9b\u00e9coise de 28 ans quittera EF Education-Oatly, o\u00f9 elle \u00e9voluait depuis 2024.<\/p>\n<p>En 2025, elle a pris la 4e place de la Maryland Cycling Classic. L\u2019ann\u00e9e pr\u00e9c\u00e9dente, elle s\u2019\u00e9tait distingu\u00e9e sur le Tour d\u2019Italie en remportant une \u00e9tape apr\u00e8s une \u00e9chapp\u00e9e solitaire, quelques semaines seulement apr\u00e8s avoir subi une fracture du coude gauche sur le Tour d\u2019Espagne.<\/p>\n<p>Sa saison 2025 a \u00e9galement \u00e9t\u00e9 perturb\u00e9e par une\u00a0chute. En juin, lors d\u2019un entra\u00eenement, elle a \u00e9t\u00e9 contrainte de se jeter dans le foss\u00e9 pour \u00e9viter une voiture dans une descente et a subi de multiples fractures \u00e0 l\u2019omoplate, la clavicule et six c\u00f4tes.<\/p>\n<p data-start=\"804\" data-end=\"935\">Pass\u00e9e par Ark\u00e9a Pro Cycling Team en 2023, Clara Emond retrouvera donc une formation fran\u00e7aise pour ce nouveau chapitre de sa carri\u00e8re.<\/p>\n<p>Retrouvez tous les transferts du peloton f\u00e9minin\u00a0<strong><a href=\"https:\/\/www.directvelo.com\/mutations\/2026#teams-women\" target=\"_blank\" rel=\"noopener\">en cliquant ici<\/a><\/strong>.<\/p>\n","protected":false},"excerpt":{"rendered":"Clara Emond s\u2019engage avec St Michel-Preference Home-Auber 93 pour les deux prochaines saisons. La puncheuse qu\u00e9b\u00e9coise de 28&hellip;\n","protected":false},"author":2,"featured_media":461642,"comment_status":"","ping_status":"","sticky":false,"template":"","format":"standard","meta":{"footnotes":""},"categories":[1411],"tags":[834,828,836,829,837,827,83,826,824,823,1154,207,814,817,815,816,822,821,832,211,839,1011,27,820,818,819,835,831,830,833,838,60,212,208,825],"class_list":{"0":"post-461641","1":"post","2":"type-post","3":"status-publish","4":"format-standard","5":"has-post-thumbnail","7":"category-cyclisme","8":"tag-attaque","9":"tag-belgique","10":"tag-braquet","11":"tag-bretagne","12":"tag-chute","13":"tag-competition","14":"tag-coupe-de-france","15":"tag-coureur","16":"tag-course-cyclisme","17":"tag-course-cycliste","18":"tag-cycling","19":"tag-cyclisme","20":"tag-direct","21":"tag-direct-velo","22":"tag-directvelo","23":"tag-directvelo-com","24":"tag-epreuve","25":"tag-epreuve-cycliste","26":"tag-federation-francaise-de-cyclisme","27":"tag-ffc","28":"tag-flandres","29":"tag-fr","30":"tag-france","31":"tag-live","32":"tag-live-course","33":"tag-live-epreuve","34":"tag-peloton","35":"tag-radio-peloton","36":"tag-radio-tour","37":"tag-ravitaillement","38":"tag-relance","39":"tag-sports","40":"tag-uci","41":"tag-velo","42":"tag-velos"},"share_on_mastodon":{"url":"https:\/\/pubeurope.com\/@fr\/115370950961523150","error":""},"_links":{"self":[{"href":"https:\/\/www.europesays.com\/fr\/wp-json\/wp\/v2\/posts\/461641","targetHints":{"allow":["GET"]}}],"collection":[{"href":"https:\/\/www.europesays.com\/fr\/wp-json\/wp\/v2\/posts"}],"about":[{"href":"https:\/\/www.europesays.com\/fr\/wp-json\/wp\/v2\/types\/post"}],"author":[{"embeddable":true,"href":"https:\/\/www.europesays.com\/fr\/wp-json\/wp\/v2\/users\/2"}],"replies":[{"embeddable":true,"href":"https:\/\/www.europesays.com\/fr\/wp-json\/wp\/v2\/comments?post=461641"}],"version-history":[{"count":0,"href":"https:\/\/www.europesays.com\/fr\/wp-json\/wp\/v2\/posts\/461641\/revisions"}],"wp:featuredmedia":[{"embeddable":true,"href":"https:\/\/www.europesays.com\/fr\/wp-json\/wp\/v2\/media\/461642"}],"wp:attachment":[{"href":"https:\/\/www.europesays.com\/fr\/wp-json\/wp\/v2\/media?parent=461641"}],"wp:term":[{"taxonomy":"category","embeddable":true,"href":"https:\/\/www.europesays.com\/fr\/wp-json\/wp\/v2\/categories?post=461641"},{"taxonomy":"post_tag","embeddable":true,"href":"https:\/\/www.europesays.com\/fr\/wp-json\/wp\/v2\/tags?post=461641"}],"curies":[{"name":"wp","href":"https:\/\/api.w.org\/{rel}","templated":true}]}}