{"id":461647,"date":"2025-10-14T05:51:16","date_gmt":"2025-10-14T05:51:16","guid":{"rendered":"https:\/\/www.europesays.com\/fr\/461647\/"},"modified":"2025-10-14T05:51:16","modified_gmt":"2025-10-14T05:51:16","slug":"au-musee-guimet-nobuyoshi-araki-intime-a-travers-mille-polaroid","status":"publish","type":"post","link":"https:\/\/www.europesays.com\/fr\/461647\/","title":{"rendered":"Au mus\u00e9e Guimet, Nobuyoshi Araki intime \u00e0 travers mille Polaroid"},"content":{"rendered":"<p class=\"editor-content__paragraph\">L\u2019histoire, improbable, est digne d\u2019une fiction. Un jour, les \u00e9quipes du<strong> mus\u00e9e Guimet<\/strong> re\u00e7oivent, de la part d\u2019un certain <strong>St\u00e9phane Andr\u00e9<\/strong>, un mail expliquant vouloir leur faire <strong>don de sa collection<\/strong>. V\u00e9rifications faites, la proposition aux allures de canular s\u2019av\u00e8re tout \u00e0 fait s\u00e9rieuse.<\/p>\n<p class=\"editor-content__paragraph editor-content__paragraph--is-hidden\">\u00c0 partir du d\u00e9but des ann\u00e9es 2000\u00a0et <strong>pendant plus de deux d\u00e9cennies<\/strong>, ce professeur de fran\u00e7ais et de philosophie a acquis pr\u00e8s d\u2019<strong>un millier de Polaroid<\/strong> du sulfureux photographe japonais <a href=\"https:\/\/www.beauxarts.com\/expos\/nobuyoshi-araki-a-la-vie-a-la-mort\/\" target=\"_blank\" rel=\"noopener\"><strong>Nobuyoshi Araki<\/strong><\/a> (n\u00e9 en 1940) \u2013 autrement dit un v\u00e9ritable tr\u00e9sor dont il avait litt\u00e9ralement tapiss\u00e9 les murs de son appartement parisien.<\/p>\n<p>            <strong>Continuez votre lecture<\/strong><\/p>\n<p>\n                et acc\u00e9dez \u00e0 Beaux Arts Magazine<br \/>et \u00e0 tous les contenus web<br \/><strong>en illimit\u00e9 \u00e0 partir de 5,75\u20ac \/ mois<\/strong>\n            <\/p>\n<p class=\"cta-abonnement__log-in\">\n        D\u00e9j\u00e0 abonn\u00e9 ?        <a data-id=\"aHR0cHM6Ly93d3cuYmVhdXhhcnRzLmNvbS9tb24tY29tcHRlLw==\">Connectez-vous<\/a>\n    <\/p>\n<p>            <img data-vllblanksrc=\"https:\/\/www.beauxarts.com\/expos\/au-musee-guimet-une-vertigineuse-installation-rassemble-mille-polaroid-du-sulfureux-araki-suite-a-une-hallucinante-surprise\/1\" data-vllsrc=\"https:\/\/www.europesays.com\/fr\/wp-content\/uploads\/2025\/09\/couv-bam-496-232x300.png\" alt=\"\"\/><img data-vllblanksrc=\"https:\/\/www.beauxarts.com\/expos\/au-musee-guimet-une-vertigineuse-installation-rassemble-mille-polaroid-du-sulfureux-araki-suite-a-une-hallucinante-surprise\/1\" data-vllsrc=\"https:\/\/www.europesays.com\/fr\/wp-content\/uploads\/2025\/08\/bam495_ciouv_page_001-232x300.jpg\" alt=\"\"\/>        <\/p>\n","protected":false},"excerpt":{"rendered":"L\u2019histoire, improbable, est digne d\u2019une fiction. Un jour, les \u00e9quipes du mus\u00e9e Guimet re\u00e7oivent, de la part d\u2019un&hellip;\n","protected":false},"author":2,"featured_media":461648,"comment_status":"","ping_status":"","sticky":false,"template":"","format":"standard","meta":{"footnotes":""},"categories":[1358],"tags":[1396,1348,1384,1385,1386,58,59,1011,27,3404,58632,1756],"class_list":{"0":"post-461647","1":"post","2":"type-post","3":"status-publish","4":"format-standard","5":"has-post-thumbnail","7":"category-arts-et-design","8":"tag-art-contemporain","9":"tag-arts","10":"tag-arts-and-design","11":"tag-arts-et-design","12":"tag-design","13":"tag-divertissement","14":"tag-entertainment","15":"tag-fr","16":"tag-france","17":"tag-musee-national-des-arts-asiatiques-guimet","18":"tag-nobuyoshi-araki","19":"tag-photographie"},"share_on_mastodon":{"url":"https:\/\/pubeurope.com\/@fr\/115370962701951613","error":""},"_links":{"self":[{"href":"https:\/\/www.europesays.com\/fr\/wp-json\/wp\/v2\/posts\/461647","targetHints":{"allow":["GET"]}}],"collection":[{"href":"https:\/\/www.europesays.com\/fr\/wp-json\/wp\/v2\/posts"}],"about":[{"href":"https:\/\/www.europesays.com\/fr\/wp-json\/wp\/v2\/types\/post"}],"author":[{"embeddable":true,"href":"https:\/\/www.europesays.com\/fr\/wp-json\/wp\/v2\/users\/2"}],"replies":[{"embeddable":true,"href":"https:\/\/www.europesays.com\/fr\/wp-json\/wp\/v2\/comments?post=461647"}],"version-history":[{"count":0,"href":"https:\/\/www.europesays.com\/fr\/wp-json\/wp\/v2\/posts\/461647\/revisions"}],"wp:featuredmedia":[{"embeddable":true,"href":"https:\/\/www.europesays.com\/fr\/wp-json\/wp\/v2\/media\/461648"}],"wp:attachment":[{"href":"https:\/\/www.europesays.com\/fr\/wp-json\/wp\/v2\/media?parent=461647"}],"wp:term":[{"taxonomy":"category","embeddable":true,"href":"https:\/\/www.europesays.com\/fr\/wp-json\/wp\/v2\/categories?post=461647"},{"taxonomy":"post_tag","embeddable":true,"href":"https:\/\/www.europesays.com\/fr\/wp-json\/wp\/v2\/tags?post=461647"}],"curies":[{"name":"wp","href":"https:\/\/api.w.org\/{rel}","templated":true}]}}