{"id":461649,"date":"2025-10-14T05:52:17","date_gmt":"2025-10-14T05:52:17","guid":{"rendered":"https:\/\/www.europesays.com\/fr\/461649\/"},"modified":"2025-10-14T05:52:17","modified_gmt":"2025-10-14T05:52:17","slug":"portrait-dune-femme-incandescente-le-suricate","status":"publish","type":"post","link":"https:\/\/www.europesays.com\/fr\/461649\/","title":{"rendered":"portrait d\u2019une femme incandescente \u2022 Le Suricate"},"content":{"rendered":"<p class=\"has-text-align-center has-white-color has-text-color has-background has-link-color wp-elements-5684815d15f9e399965075ebf7c42e64\" style=\"background-color:#ff7f00\">Titre\u00a0: <strong><a href=\"https:\/\/www.payot-rivages.fr\/rivages\/livre\/lappel-9782743667924\" rel=\"nofollow noopener\" target=\"_blank\">L\u2019Appel<\/a><\/strong><br \/>Auteur.ice : <strong>Leila Guerriero<\/strong><br \/>Editions\u00a0: <strong>Rivages<\/strong><br \/>Date de parution\u00a0: <strong>20 ao\u00fbt 2025<\/strong><br \/>Genre du livre\u00a0: <strong>Biographie<\/strong><\/p>\n<p><strong>Dans L\u2019Appel, la journaliste et autrice Leila Guerriero s\u2019attelle \u00e0 un exercice p\u00e9rilleux : relater la vie de Silvia Labayru, militante p\u00e9roniste d\u2019extr\u00eame gauche, membre du mouvement des Montoneros, engag\u00e9e dans la lutte contre la junte militaire qui s\u2019impose en Argentine.<\/strong><\/p>\n<p>Enlev\u00e9e, d\u00e9tenue et tortur\u00e9e dans le sinistre centre de d\u00e9tention de l\u2019ESMA (\u00c9cole de m\u00e9canique de la marine), Silvia fait partie de ces survivantes dont l\u2019existence m\u00eame d\u00e9range. Sa survie, per\u00e7ue comme une trahison par ses anciens camarades, devient un stigmate : vivre, c\u2019est d\u00e9j\u00e0 suspect.<\/p>\n<p>La m\u00e9moire impossible<\/p>\n<p>L\u2019autrice dresse le portrait d\u2019une femme forte, parfois distante, parfois passionn\u00e9e. Une femme aux yeux clairs, \u00e0 la blondeur sophistiqu\u00e9e. Une femme \u00e0 la m\u00e9moire tant\u00f4t pr\u00e9cise, tant\u00f4t s\u00e9lective. En 1976, Silvia est arr\u00eat\u00e9e. Durant un an et demi de captivit\u00e9, elle est tortur\u00e9e, viol\u00e9e, accouche en d\u00e9tention, puis est rel\u00e2ch\u00e9e \u2014 parce qu\u2019elle a su feindre, suffisamment bien, la r\u00e9\u00e9ducation forc\u00e9e impos\u00e9e par ses bourreaux. \u00c0 sa sortie, elle s\u2019exile \u00e0 Madrid. L\u00e0, ses anciens camarades montoneros la rejettent : sa lib\u00e9ration est per\u00e7ue comme une preuve de trahison. Sa survie, \u00e0 elle seule, devient une condamnation. \u00ab Si elle est sortie, c\u2019est qu\u2019elle nous a trahis. \u00bb<\/p>\n<p>Jusqu\u2019alors, Silvia s\u2019\u00e9tait tr\u00e8s peu exprim\u00e9e. Hormis quelques mots laconiques lors du proc\u00e8s de ses bourreaux en 2010, elle \u00e9tait rest\u00e9e silencieuse. Elle accepte pourtant de se confier \u00e0 Leila Guerriero, qui aborde cette relation comme une danse \u00e0 deux temps. Observatrice, elle se tient \u00e0 la fois dedans et en dehors, interrogeant aussi les proches, les amis, les t\u00e9moins. Ces entretiens, men\u00e9s pendant la p\u00e9riode du Covid, b\u00e9n\u00e9ficient du temps suspendu du confinement. Presque religieusement, l\u2019autrice construit son portrait, \u00e0 mi-chemin entre un reportage rigoureux et une fresque humaine, o\u00f9 Silvia occupe toute la sc\u00e8ne.<\/p>\n<p>Le chaos comme langage<\/p>\n<p>Ce qui d\u00e9route le plus dans ce livre, c\u2019est sa forme. L\u2019autrice ne construit pas un r\u00e9cit lin\u00e9aire, mais une mosa\u00efque d\u2019impressions, de fragments, de contradictions. Comme si elle ouvrait son carnet de notes. Pas de chapitres, mais une succession de paragraphes discontinus, de voix qui se croisent \u2014 celle de Silvia, celle de la journaliste, celles des t\u00e9moins.<\/p>\n<p>On lit ce livre comme on \u00e9couterait une bande magn\u00e9tique ab\u00eem\u00e9e, d\u2019o\u00f9 \u00e9mergent, par bribes, des \u00e9clats de v\u00e9rit\u00e9. Ce d\u00e9sordre n\u2019est peut-\u00eatre pas qu\u2019un choix stylistique : il refl\u00e8te peut-\u00eatre le chaos d\u2019une m\u00e9moire traumatique, un d\u00e9sordre de pens\u00e9e. Peut-\u00eatre aussi que ce phras\u00e9, ce rythme, ces mots choisis, tiennent compte de la musicalit\u00e9 de la langue d\u2019origine \u2014 l\u2019espagnol.<\/p>\n<p>On y ressent une oralit\u00e9 latine, presque almodovarienne : dans les r\u00e9cits de table, les descriptions de lieux de vie, les d\u00e9tails apparemment insignifiants, comme s\u2019il fallait tout consigner pour faire surgir, dans l\u2019esprit du lecteur, l\u2019image exacte v\u00e9cue par l\u2019autrice.<\/p>\n<p>Ce choix narratif \u2014 ces entrelacs de voix, ces incursions g\u00e9opolitiques parfois abruptes, cette absence de structure ou de chronologie \u2014 peut d\u00e9sar\u00e7onner. Il rend l\u2019entr\u00e9e dans le r\u00e9cit plus difficile, l\u2019empathie plus ardue. Mais il dit aussi quelque chose du r\u00e9el : de sa complexit\u00e9, de son opacit\u00e9, de sa fragmentation.<\/p>\n<p>Une voix parmi d\u2019autres, mais une voix debout<\/p>\n<p>Le r\u00e9sultat est un ouvrage profond\u00e9ment organique, r\u00e9solument inclassable : ni biographie, ni enqu\u00eate, ni roman, mais un entrelacs de m\u00e9moire et de sensations, o\u00f9 l\u2019ordre importe moins que la persistance de la voix. Celle de Silvia, bien s\u00fbr, mais aussi, \u00e0 travers elle, celle de toutes les victimes silencieuses. Et de toutes ces femmes qui, malgr\u00e9 les \u00e9preuves, continuent \u00e0 marcher la t\u00eate haute, le verbe fort.<\/p>\n","protected":false},"excerpt":{"rendered":"Titre\u00a0: L\u2019AppelAuteur.ice : Leila GuerrieroEditions\u00a0: RivagesDate de parution\u00a0: 20 ao\u00fbt 2025Genre du livre\u00a0: Biographie Dans L\u2019Appel, la journaliste&hellip;\n","protected":false},"author":2,"featured_media":461650,"comment_status":"","ping_status":"","sticky":false,"template":"","format":"standard","meta":{"footnotes":""},"categories":[1357],"tags":[1379,58,59,1011,27,1380],"class_list":{"0":"post-461649","1":"post","2":"type-post","3":"status-publish","4":"format-standard","5":"has-post-thumbnail","7":"category-livres","8":"tag-books","9":"tag-divertissement","10":"tag-entertainment","11":"tag-fr","12":"tag-france","13":"tag-livres"},"share_on_mastodon":{"url":"https:\/\/pubeurope.com\/@fr\/115370966666625814","error":""},"_links":{"self":[{"href":"https:\/\/www.europesays.com\/fr\/wp-json\/wp\/v2\/posts\/461649","targetHints":{"allow":["GET"]}}],"collection":[{"href":"https:\/\/www.europesays.com\/fr\/wp-json\/wp\/v2\/posts"}],"about":[{"href":"https:\/\/www.europesays.com\/fr\/wp-json\/wp\/v2\/types\/post"}],"author":[{"embeddable":true,"href":"https:\/\/www.europesays.com\/fr\/wp-json\/wp\/v2\/users\/2"}],"replies":[{"embeddable":true,"href":"https:\/\/www.europesays.com\/fr\/wp-json\/wp\/v2\/comments?post=461649"}],"version-history":[{"count":0,"href":"https:\/\/www.europesays.com\/fr\/wp-json\/wp\/v2\/posts\/461649\/revisions"}],"wp:featuredmedia":[{"embeddable":true,"href":"https:\/\/www.europesays.com\/fr\/wp-json\/wp\/v2\/media\/461650"}],"wp:attachment":[{"href":"https:\/\/www.europesays.com\/fr\/wp-json\/wp\/v2\/media?parent=461649"}],"wp:term":[{"taxonomy":"category","embeddable":true,"href":"https:\/\/www.europesays.com\/fr\/wp-json\/wp\/v2\/categories?post=461649"},{"taxonomy":"post_tag","embeddable":true,"href":"https:\/\/www.europesays.com\/fr\/wp-json\/wp\/v2\/tags?post=461649"}],"curies":[{"name":"wp","href":"https:\/\/api.w.org\/{rel}","templated":true}]}}