{"id":461653,"date":"2025-10-14T05:54:14","date_gmt":"2025-10-14T05:54:14","guid":{"rendered":"https:\/\/www.europesays.com\/fr\/461653\/"},"modified":"2025-10-14T05:54:14","modified_gmt":"2025-10-14T05:54:14","slug":"je-nai-pas-envie-que-mon-drag-soit-la-juste-pour-faire-joli","status":"publish","type":"post","link":"https:\/\/www.europesays.com\/fr\/461653\/","title":{"rendered":"Je n&rsquo;ai pas envie que mon drag soit l\u00e0 juste pour faire joli"},"content":{"rendered":"<p class=\"article__intro\">Elle a marqu\u00e9 la derni\u00e8re saison de Drag Race France : All Stars par des prestations politiques et des d\u00e9clarations engag\u00e9es. Soa de Muse est le symbole d&rsquo;un drag qui porte haut son h\u00e9ritage noir. Une piq\u00fbre de rappel n\u00e9cessaire entre les strass et les paillettes. <\/p>\n<p>\n      L\u2019actu des r\u00e9gions\n    <\/p>\n<p>\n      Chaque jour, un tour d\u2019horizon des principales infos de toutes les r\u00e9gions.\n    <\/p>\n<p>    France T\u00e9l\u00e9visions utilise votre adresse e-mail afin de vous envoyer la newsletter \u00ab\u00a0L\u2019actu des r\u00e9gions\u00a0\u00bb. Vous pouvez vous d\u00e9sinscrire \u00e0 tout moment via le lien en bas de cette newsletter. <a target=\"_blank\" href=\"https:\/\/www.francetelevisions.fr\/groupe\/confidentialite\/politique-de-confidentialite\/politique-de-confidentialite-de-france-televisions-6503\" rel=\"nofollow noopener\">Notre politique de confidentialit\u00e9<\/a><\/p>\n<p><strong>Quelles figures du cabaret parisien t&rsquo;inspirent au quotidien dans ton art ?<\/strong><\/p>\n<p>Soa de Muse : C&rsquo;est facile, Jos\u00e9phine Baker, Lisette Malidor, Brenda Moore. C&rsquo;est les trois figures noires qui ont travaill\u00e9 dans l&rsquo;univers du music-hall. Lisette Malidor et Brenda Moore sont toujours vivantes donc il faut les c\u00e9l\u00e9brer parce que ce sont des \u00ab\u00a0icons\u00a0\u00bb pour moi ! Jos\u00e9phine Baker, son histoire est ultra int\u00e9ressante. Certaines personnes vont juste la voir comme cette danseuse de revue qui dansait avec des bananes. Non, la meuf, c&rsquo;\u00e9tait une rebelle, elle transmettait des messages dans des partitions. Elle \u00e9crivait des informations \u00e0 l&rsquo;encre invisible entre les Etats-Unis et la France. C&rsquo;est un exemple de fou m\u00eame si sa vie s&rsquo;est termin\u00e9e, malheureusement, de mani\u00e8re assez triste. Elle a bouscul\u00e9 \u00e9norm\u00e9ment de choses, pour moi c&rsquo;\u00e9tait un Cheval de Troie Jos\u00e9phine Baker. Moi, j&rsquo;ai envie de faire partie de l&rsquo;histoire et que je suis un peu la g\u00e9n\u00e9ration future de ces personnalit\u00e9s-l\u00e0. J&rsquo;essaye de faire perdurer le truc.<\/p>\n<p><strong>Quels conseils tu donnerais aux jeunes qui ont envie de faire ce que tu fais mais qui n&rsquo;osent pas se lancer ?<\/strong><\/p>\n<p>Rencontre des gens et surtout, renseigne-toi. Ne te lance pas pour te lancer, essaye de comprendre \u00ab\u00a0qu&rsquo;est-ce que l&rsquo;histoire du cabaret ?\u00a0\u00bb, \u00ab\u00a0qu&rsquo;est-ce que l&rsquo;histoire du drag ?\u00a0\u00bb, ne te r\u00e9f\u00e8re pas juste \u00e0 une \u00e9mission de t\u00e9l\u00e9-r\u00e9alit\u00e9, m\u00eame si je la respecte. Il faut conna\u00eetre l&rsquo;histoire de la communaut\u00e9 queer, conna\u00eetre l&rsquo;histoire de la communaut\u00e9 LGBTQIA+, que c&rsquo;\u00e9tait les femmes trans noires qui \u00e9taient d\u00e9j\u00e0 debout, d\u00e9j\u00e0 devant, qui se battaient pour nous. Il faut conna\u00eetre l&rsquo;histoire de la ball room scene ! C&rsquo;est riche. Fais comme si tu faisais un master parce que \u00e7a va te permettre d&rsquo;avoir une particularit\u00e9 que d&rsquo;autres artistes n&rsquo;ont pas, c&rsquo;est le savoir de nos a\u00efeules. Il faut se dire qu&rsquo;on va faire perdurer l&rsquo;histoire, qu&rsquo;on va la rendre encore plus forte qu&rsquo;elle ne l&rsquo;est d\u00e9j\u00e0 !<\/p>\n<p><a data-article-figure=\"\" href=\"https:\/\/france3-regions.franceinfo.fr\/image\/vfKlfKF93kPnAFITFSpQvhffijE\/1920x1080\/regions\/2025\/10\/09\/1920x1080-001-68e77ede523ac480907851.jpg\" data-pswp-width=\"1920\" data-pswp-height=\"1080\" target=\"_blank\" rel=\"nofollow noopener\"><\/p>\n<p>          <img width=\"600\" height=\"400\" class=\"article-image lazy\" data-src=\"https:\/\/www.europesays.com\/fr\/wp-content\/uploads\/2025\/10\/1920x1080-001-68e77ede523ac480907851.jpg\" alt=\"Soa de Muse dans une tenue en hommage \u00e0 William Dorsey Swann, ancien esclave et premi\u00e8re personne drag de l'Histoire\" fetchpriority=\"high\" as=\"image\"\/><\/p>\n<p>\n            Soa de Muse dans une tenue en hommage \u00e0 William Dorsey Swann, ancien esclave et premi\u00e8re personne drag de l&rsquo;Histoire<br \/>\n                           \u2022<br \/>\n                                      \u00a9 Ussi&rsquo;n Yala\n                      <\/p>\n<p><\/a><\/p>\n<p><strong>Est-ce que \u00e7a change quelque chose de faire du drag en ayant toute connaissance du message qu&rsquo;on porte ?<\/strong><\/p>\n<p>Je ne suis pas une personne parfaite, j&rsquo;apprends toujours aujourd&rsquo;hui mais je me dis que je n&rsquo;ai pas envie que mon drag soit l\u00e0 juste pour faire joli et que t&rsquo;aies une photo avec moi mais que tu ne saches m\u00eame pas comment je parle, on n&rsquo;a pas eu de vrais \u00e9changes. Je ne suis pas une ic\u00f4ne. Une muse, elle est impalpable, elle inspire, peut-\u00eatre, mais elle se nourrit aussi des artistes qu&rsquo;il y a autour d&rsquo;elle. Mon drag se nourrit de tout ce qui l&rsquo;entoure, donc ce n&rsquo;est pas le plus \u00ab\u00a0polished\u00a0\u00bb mais c&rsquo;est celui que j&rsquo;aime.<\/p>\n<p>Le 20 octobre prochain, Soa de Muse et ses comparses Grand Soir, Bili Bellegarde et Mascare du <a href=\"https:\/\/www.la-bouche-cabaret.com\/\" target=\"_blank\" rel=\"noopener noreferrer nofollow\" data-tooltip-url=\"https:\/\/www.la-bouche-cabaret.com\/\">cabaret La Bouche<\/a> vous invitent \u00e0 les rejoindre pour le Grand Gala de rentr\u00e9e de la troupe au Th\u00e9\u00e2tre de l&rsquo;Atelier.<\/p>\n","protected":false},"excerpt":{"rendered":"Elle a marqu\u00e9 la derni\u00e8re saison de Drag Race France : All Stars par des prestations politiques et&hellip;\n","protected":false},"author":2,"featured_media":461654,"comment_status":"","ping_status":"","sticky":false,"template":"","format":"standard","meta":{"footnotes":""},"categories":[1355],"tags":[58,59,1011,27,1361,873],"class_list":{"0":"post-461653","1":"post","2":"type-post","3":"status-publish","4":"format-standard","5":"has-post-thumbnail","7":"category-musique","8":"tag-divertissement","9":"tag-entertainment","10":"tag-fr","11":"tag-france","12":"tag-music","13":"tag-musique"},"share_on_mastodon":{"url":"https:\/\/pubeurope.com\/@fr\/115370974551073305","error":""},"_links":{"self":[{"href":"https:\/\/www.europesays.com\/fr\/wp-json\/wp\/v2\/posts\/461653","targetHints":{"allow":["GET"]}}],"collection":[{"href":"https:\/\/www.europesays.com\/fr\/wp-json\/wp\/v2\/posts"}],"about":[{"href":"https:\/\/www.europesays.com\/fr\/wp-json\/wp\/v2\/types\/post"}],"author":[{"embeddable":true,"href":"https:\/\/www.europesays.com\/fr\/wp-json\/wp\/v2\/users\/2"}],"replies":[{"embeddable":true,"href":"https:\/\/www.europesays.com\/fr\/wp-json\/wp\/v2\/comments?post=461653"}],"version-history":[{"count":0,"href":"https:\/\/www.europesays.com\/fr\/wp-json\/wp\/v2\/posts\/461653\/revisions"}],"wp:featuredmedia":[{"embeddable":true,"href":"https:\/\/www.europesays.com\/fr\/wp-json\/wp\/v2\/media\/461654"}],"wp:attachment":[{"href":"https:\/\/www.europesays.com\/fr\/wp-json\/wp\/v2\/media?parent=461653"}],"wp:term":[{"taxonomy":"category","embeddable":true,"href":"https:\/\/www.europesays.com\/fr\/wp-json\/wp\/v2\/categories?post=461653"},{"taxonomy":"post_tag","embeddable":true,"href":"https:\/\/www.europesays.com\/fr\/wp-json\/wp\/v2\/tags?post=461653"}],"curies":[{"name":"wp","href":"https:\/\/api.w.org\/{rel}","templated":true}]}}