{"id":461655,"date":"2025-10-14T05:55:25","date_gmt":"2025-10-14T05:55:25","guid":{"rendered":"https:\/\/www.europesays.com\/fr\/461655\/"},"modified":"2025-10-14T05:55:25","modified_gmt":"2025-10-14T05:55:25","slug":"je-suis-fan-de-star-wars-ce-maire-fait-sonner-les-cloches-de-son-eglise-au-rythme-de-2-airs-tres-connus","status":"publish","type":"post","link":"https:\/\/www.europesays.com\/fr\/461655\/","title":{"rendered":"\u00ab\u00a0Je suis fan de Star Wars\u00a0\u00bb : ce maire fait sonner les cloches de son \u00e9glise au rythme de 2 airs tr\u00e8s connus"},"content":{"rendered":"<ul class=\"jsx-862013697 ArticleChapo__List\">\n<li class=\"jsx-862013697 ArticleChapo__List_Item flex\">Les cloches du village d&rsquo;Arvigna, en Ari\u00e8ge, ne sonnent vraiment pas comme les autres.<\/li>\n<li class=\"jsx-862013697 ArticleChapo__List_Item flex\">Une id\u00e9e du maire qui fait sourire les habitants et les touristes.<\/li>\n<li class=\"jsx-862013697 ArticleChapo__List_Item flex\">Une \u00e9quipe de TF1 s&rsquo;est rendue sur place.<\/li>\n<\/ul>\n<p><a href=\"https:\/\/www.tf1info.fr\/emissions\/tf1\/le-13h-10927\/\" rel=\"noopener\" class=\"jsx-484472199 Link jsx-1428418400 jsx-640816507\" target=\"_blank\"><\/p>\n<p style=\"font-weight:400\" class=\"jsx-1837267516\">Suivez la couverture compl\u00e8te<\/p>\n<p style=\"font-weight:800\" class=\"jsx-1837267516\">Le 13H<\/p>\n<p><\/a><\/p>\n<p data-module=\"article-paragraph\" class=\"jsx-3046738180 Paragraph Paragraph__End\">Reconnaissez-vous l&rsquo;air qu&rsquo;on entend au d\u00e9but du reportage du JT de TF1 ci-dessus ? \u00ab\u00a0On reconna\u00eet un petit peu, oui, je ne sais pas&#8230; des films de science-fiction, non ?\u00a0\u00bb, tente un passant interrog\u00e9 par notre \u00e9quipe. Il ne s&rsquo;agit pas de l&rsquo;Ang\u00e9lus classique, mais bien des premi\u00e8res notes de&#8230; \u00ab\u00a0La Marche imp\u00e9riale\u00a0\u00bb, le th\u00e8me musical de la franchise Star Wars. \u00ab\u00a0C&rsquo;est entra\u00eenant, c&rsquo;est agr\u00e9able, et puis \u00e7a parle \u00e0 beaucoup de g\u00e9n\u00e9rations\u00a0\u00bb, commente une femme.<\/p>\n<p data-module=\"article-paragraph\" class=\"jsx-3046738180 Paragraph Paragraph__End\">L&rsquo;auteur de ce clin d&rsquo;\u0153il \u00e0 la saga de George Lucas n&rsquo;est pas celui auquel vous pensez. Pas de Dark Vador en Ari\u00e8ge, seulement Maxime Roubichou, le maire (sans \u00e9tiquette) de ce village de 250 habitants. \u00ab\u00a0Je suis fan de Star Wars, explique-t-il en souriant face \u00e0 notre cam\u00e9ra. Bon, on dit aussi que l&rsquo;architecture d&rsquo;une \u00e9glise, l&rsquo;int\u00e9rieur, c&rsquo;est le vaisseau, donc je me suis dit que \u00e7a ne pouvait pas tomber mieux\u00a0\u00bb. \u00ab\u00a0Apr\u00e8s, poursuit-il, ce n&rsquo;est pas tout \u00e0 fait les vrais sons, puisqu&rsquo;on ne peut pas modifier la note d&rsquo;une cloche. C&rsquo;est l&rsquo;air, en fait, qu&rsquo;on peut reconna\u00eetre\u00a0\u00bb.\u00a0<\/p>\n<p>\u00ab\u00a0\u00c7a peut \u00eatre un moyen d&rsquo;attirer du monde\u00a0\u00bb<\/p>\n<p data-module=\"article-paragraph\" class=\"jsx-3046738180 Paragraph\">Pas question de remplacer l&rsquo;ang\u00e9lus traditionnel qui sonne matin, midi et soir. La m\u00e9lodie se d\u00e9clenche \u00e0 13h30, un rep\u00e8re pour les habitants. \u00ab\u00a0Quand \u00e7a sonne, on dit, tiens, \u00e7a va \u00eatre l&rsquo;heure de la sieste, il dit mon mari\u00a0\u00bb, lance en riant une riveraine.\u00a0<\/p>\n<p data-module=\"article-paragraph\" class=\"jsx-3046738180 Paragraph Paragraph__End\">\u00c0 la tomb\u00e9e de la nuit, autre ambiance. L\u00e0, c&rsquo;est \u00ab\u00a0Au clair de la lune\u00a0\u00bb qui retentit. Une touche de modernit\u00e9 pour faire perdurer la tradition : autrefois, les cloches servaient \u00e0 rythmer la vie quotidienne. Maxime Roubichou peut commander les sons depuis son t\u00e9l\u00e9phone ou sa tablette. \u00ab\u00a0Vous voyez, nous montre-t-il \u00e0 l&rsquo;int\u00e9rieur de l&rsquo;\u00e9glise, il suffit de cliquer sur Star Wars ou Au clair de la lune\u00a0\u00bb. Les arrangements musicaux ne sont pas r\u00e9alis\u00e9s ici. C&rsquo;est une entreprise sp\u00e9cialis\u00e9e qui les con\u00e7oit depuis 2021.\u00a0<\/p>\n<p><a href=\"https:\/\/www.tf1info.fr\/traditions-et-patrimoine\/verif-les-cloches-de-l-eglise-jouent-l-air-de-star-wars-un-maire-peut-il-choisir-la-melodie-de-son-choix-2399820.html\" rel=\"noopener\" class=\"jsx-3308031228 Link flex\" target=\"_blank\"><img decoding=\"async\" src=\"https:\/\/www.europesays.com\/fr\/wp-content\/uploads\/2025\/10\/cloches-eglise-star-wars-dcf55b-0@1x.jpeg\" alt=\"iStock\" loading=\"lazy\" importance=\"low\" fetchpriority=\"low\" class=\"\" aria-hidden=\"true\"\/><\/p>\n<p class=\"jsx-3657663356 ReadMoreArticle__Title\">Lire aussi<\/p>\n<p class=\"jsx-3657663356\">V\u00c9RIF&rsquo; &#8211; Un maire peut-il d\u00e9cider de jouer l&rsquo;air de Star Wars tous les jours avec les cloches de l&rsquo;\u00e9glise ?<\/p>\n<p><\/a><\/p>\n<p data-module=\"article-paragraph\" class=\"jsx-3046738180 Paragraph Paragraph__End\">Une sp\u00e9cificit\u00e9 qui suscite la curiosit\u00e9 sur la terrasse du restaurant du village. \u00ab\u00a0Les touristes sont assez intrigu\u00e9s, assure Noa Muller, apprenti barman et serveur dans cet \u00e9tablissement. \u00c7a peut \u00eatre un moyen d&rsquo;attirer du monde, les fans de Star Wars en tout cas\u00a0\u00bb. \u00c0 noter qu&rsquo;aucun texte de loi n&rsquo;encadre les m\u00e9lodies jou\u00e9es par les cloches d&rsquo;une \u00e9glise, les sonneries sont r\u00e9gl\u00e9es par arr\u00eat\u00e9 municipal.<\/p>\n<p>La r\u00e9daction de TF1info | Reportage Sol\u00e8ne CORNUAU, Fran\u00e7ois GUINLE<\/p>\n","protected":false},"excerpt":{"rendered":"Les cloches du village d&rsquo;Arvigna, en Ari\u00e8ge, ne sonnent vraiment pas comme les autres. Une id\u00e9e du maire&hellip;\n","protected":false},"author":2,"featured_media":461656,"comment_status":"","ping_status":"","sticky":false,"template":"","format":"standard","meta":{"footnotes":""},"categories":[1354],"tags":[1111,11,1921,58,59,1346,1011,27,1922,5008,1360,133,14529,34308],"class_list":{"0":"post-461655","1":"post","2":"type-post","3":"status-publish","4":"format-standard","5":"has-post-thumbnail","7":"category-films","8":"tag-actu","9":"tag-actualites","10":"tag-article-video","11":"tag-divertissement","12":"tag-entertainment","13":"tag-films","14":"tag-fr","15":"tag-france","16":"tag-info","17":"tag-le-13h","18":"tag-movies","19":"tag-video","20":"tag-video-regions","21":"tag-vie-en-regions"},"share_on_mastodon":{"url":"https:\/\/pubeurope.com\/@fr\/115370979016657605","error":""},"_links":{"self":[{"href":"https:\/\/www.europesays.com\/fr\/wp-json\/wp\/v2\/posts\/461655","targetHints":{"allow":["GET"]}}],"collection":[{"href":"https:\/\/www.europesays.com\/fr\/wp-json\/wp\/v2\/posts"}],"about":[{"href":"https:\/\/www.europesays.com\/fr\/wp-json\/wp\/v2\/types\/post"}],"author":[{"embeddable":true,"href":"https:\/\/www.europesays.com\/fr\/wp-json\/wp\/v2\/users\/2"}],"replies":[{"embeddable":true,"href":"https:\/\/www.europesays.com\/fr\/wp-json\/wp\/v2\/comments?post=461655"}],"version-history":[{"count":0,"href":"https:\/\/www.europesays.com\/fr\/wp-json\/wp\/v2\/posts\/461655\/revisions"}],"wp:featuredmedia":[{"embeddable":true,"href":"https:\/\/www.europesays.com\/fr\/wp-json\/wp\/v2\/media\/461656"}],"wp:attachment":[{"href":"https:\/\/www.europesays.com\/fr\/wp-json\/wp\/v2\/media?parent=461655"}],"wp:term":[{"taxonomy":"category","embeddable":true,"href":"https:\/\/www.europesays.com\/fr\/wp-json\/wp\/v2\/categories?post=461655"},{"taxonomy":"post_tag","embeddable":true,"href":"https:\/\/www.europesays.com\/fr\/wp-json\/wp\/v2\/tags?post=461655"}],"curies":[{"name":"wp","href":"https:\/\/api.w.org\/{rel}","templated":true}]}}